{"id":1395,"date":"2018-06-25T08:30:04","date_gmt":"2018-06-25T07:30:04","guid":{"rendered":"http:\/\/www.beaufort-athletisme.fr\/?p=1395"},"modified":"2018-06-25T08:30:04","modified_gmt":"2018-06-25T07:30:04","slug":"meeting-de-chateau-gontier-15-06-2018","status":"publish","type":"post","link":"http:\/\/www.beaufort-athletisme.fr\/?p=1395","title":{"rendered":"Meeting de Ch\u00e2teau-Gontier [15\/06\/2018]"},"content":{"rendered":"<div class=\"_1dwg _1w_m _q7o\">\n<div>\n<div id=\"js_2rn\" class=\"_5pbx userContent _3ds9 _3576\" data-ft=\"{&quot;tn&quot;:&quot;K&quot;}\">\n<p>Les per\u00adchistes se sont d\u00e9plac\u00e9s au meet\u00ading de Ch\u00e2teau-Gon\u00adtier le ven\u00addre\u00addi 15 juin 2018. Dans un con\u00adcours port\u00e9 par un record de France cadettes r\u00e9al\u00adis\u00e9 par Emma BRENTEL (4m14), les ath\u00adl\u00e8tes du \u201cgroupe perche\u201d de Beau\u00adfort ont r\u00e9al\u00adis\u00e9 dans l\u2019ensem\u00adble de belles per\u00adfor\u00admances : <strong>Mary\u00adlou ROUXEL<\/strong> fran\u00adchit 3m46 (\u00e0 4cm de son record, et se rap\u00adprochant davan\u00adtage d\u2019une \u00e9ventuelle qual\u00adi\u00adfi\u00adca\u00adtion aux France). St\u00e9phanie LONGA (Angers Ath\u00adl\u00e9) passe 3m06 \u00e0 son pre\u00admier essai (\u00e0 4cm de son record \u00e9gale\u00adment). <strong>Thomas DABURON<\/strong> ne parvient pas \u00e0 r\u00e9\u00e9diter les sauts de ses derniers entra\u00eene\u00adments et r\u00e9alise 3m46. <strong>Gwen\u00addal CHAUVEAU<\/strong> fait 4m26, et une belle ten\u00adta\u00adtive \u00e0 son pre\u00admier essai \u00e0 4m46 (pour bien\u00adt\u00f4t!). L\u2019en\u00adtra\u00eeneur du groupe, <strong>Cl\u00e9\u00adment SAVY<\/strong>, prend la 2\u00e8me place du con\u00adcours avec un joli 4m66, der\u00adri\u00e8re un L\u00e9o CABRERA de folie (non loin de pass\u00ader 5m01 et r\u00e9al\u00adisant 4m86).<\/p>\n<\/div>\n<div class=\"_3x-2\" data-ft=\"{&quot;tn&quot;:&quot;H&quot;}\">\n<div data-ft=\"{&quot;tn&quot;:&quot;H&quot;}\"><\/div>\n<\/div>\n<div><\/div>\n<\/div>\n<\/div>\n<div>\n<form id=\"u_3y_1r\" class=\"commentable_item\" action=\"https:\/\/www.facebook.com\/ajax\/ufi\/modify.php\" method=\"post\" data-ft=\"{&quot;tn&quot;:&quot;]&quot;}\">\n<div class=\"_sa_ _gsd _fgm _5vsi _192z\">\n<div class=\"_5ybo _1q_o _2zfm _5yhh\">\n<div class=\"_fk3\">\n<div class=\"_fk4\">\n<div id=\"u_3y_1q\" class=\"_fk6\">\n<div role=\"presentation\">\n<div class=\"__ji\">\n<div class=\"_fk8\"><\/div>\n<\/div>\n<\/div>\n<\/div>\n<\/div>\n<\/div>\n<\/div>\n<\/div>\n<\/form>\n<\/div>\n","protected":false},"excerpt":{"rendered":"<p>Les per\u00adchistes se sont d\u00e9plac\u00e9s au meet\u00ading de Ch\u00e2teau-Gon\u00adti\u00ader le ven\u00addre\u00addi 15 juin 2018. Dans un con\u00adcours port\u00e9 par un record de France cadettes r\u00e9al\u00adis\u00e9 par Emma BRENTEL (4m14), les ath\u00adl\u00e8tes du \u201cgroupe perche\u201d de Beau\u00adfort ont r\u00e9al\u00adis\u00e9 dans l\u2019ensem\u00adble de belles per\u00adfor\u00admances : Mary\u00adlou ROUXEL fran\u00adchit 3m46 (\u00e0 4cm de son record, et se [\u2026]<\/p>\n","protected":false},"author":1,"featured_media":0,"comment_status":"closed","ping_status":"closed","sticky":false,"template":"","format":"standard","meta":{"wp_typography_post_enhancements_disabled":false,"footnotes":""},"categories":[11],"tags":[],"class_list":["post-1395","post","type-post","status-publish","format-standard","hentry","category-actualite"],"featured_image_src":null,"author_info":{"display_name":"admin","author_link":"http:\/\/www.beaufort-athletisme.fr\/?author=1"},"_links":{"self":[{"href":"http:\/\/www.beaufort-athletisme.fr\/index.php?rest_route=\/wp\/v2\/posts\/1395","targetHints":{"allow":["GET"]}}],"collection":[{"href":"http:\/\/www.beaufort-athletisme.fr\/index.php?rest_route=\/wp\/v2\/posts"}],"about":[{"href":"http:\/\/www.beaufort-athletisme.fr\/index.php?rest_route=\/wp\/v2\/types\/post"}],"author":[{"embeddable":true,"href":"http:\/\/www.beaufort-athletisme.fr\/index.php?rest_route=\/wp\/v2\/users\/1"}],"replies":[{"embeddable":true,"href":"http:\/\/www.beaufort-athletisme.fr\/index.php?rest_route=%2Fwp%2Fv2%2Fcomments&post=1395"}],"version-history":[{"count":1,"href":"http:\/\/www.beaufort-athletisme.fr\/index.php?rest_route=\/wp\/v2\/posts\/1395\/revisions"}],"predecessor-version":[{"id":1396,"href":"http:\/\/www.beaufort-athletisme.fr\/index.php?rest_route=\/wp\/v2\/posts\/1395\/revisions\/1396"}],"wp:attachment":[{"href":"http:\/\/www.beaufort-athletisme.fr\/index.php?rest_route=%2Fwp%2Fv2%2Fmedia&parent=1395"}],"wp:term":[{"taxonomy":"category","embeddable":true,"href":"http:\/\/www.beaufort-athletisme.fr\/index.php?rest_route=%2Fwp%2Fv2%2Fcategories&post=1395"},{"taxonomy":"post_tag","embeddable":true,"href":"http:\/\/www.beaufort-athletisme.fr\/index.php?rest_route=%2Fwp%2Fv2%2Ftags&post=1395"}],"curies":[{"name":"wp","href":"https:\/\/api.w.org\/{rel}","templated":true}]}}