{"id":1426,"date":"2018-09-22T02:28:27","date_gmt":"2018-09-22T01:28:27","guid":{"rendered":"http:\/\/www.beaufort-athletisme.fr\/?p=1426"},"modified":"2018-09-22T02:28:27","modified_gmt":"2018-09-22T01:28:27","slug":"records-du-monde-16-09-2018","status":"publish","type":"post","link":"http:\/\/www.beaufort-athletisme.fr\/?p=1426","title":{"rendered":"Records du monde [16\/09\/2018]"},"content":{"rendered":"<div class=\"_1dwg _1w_m _q7o\">\n<div id=\"js_3v\" class=\"_5pbx userContent _3ds9 _3576\" data-ft=\"{&quot;tn&quot;:&quot;K&quot;}\">\n<p>Journ\u00e9e extra\u00ador\u00addi\u00adnaire pour l\u2019ath\u00adl\u00e9tisme avec 2 nou\u00adveaux records du monde, dans 2 lieux dif\u00adf\u00e9rents : Eli\u00adud Kip\u00adchoge (K\u00e9nyan) \u00e0 Berlin qui court le marathon en 2h01\u201939\u2019\u2018 (ancien record 2h02\u201957\u2019\u2019) et K\u00e9vin May\u00ader (Fran\u00e7ais) qui totalise 9 126 points au d\u00e9cathlon \u00e0 Tal\u00adence (ancien record 9045pts) !<\/p>\n<\/div>\n<div><a href=\"http:\/\/www.beaufort-athletisme.fr\/wp-content\/uploads\/2018\/09\/kipchoge.jpg\"><img loading=\"lazy\" decoding=\"async\" class=\"alignnone size-medium wp-image-1427\" src=\"http:\/\/www.beaufort-athletisme.fr\/wp-content\/uploads\/2018\/09\/kipchoge-227x300.jpg\" alt width=\"227\" height=\"300\" srcset=\"http:\/\/www.beaufort-athletisme.fr\/wp-content\/uploads\/2018\/09\/kipchoge-227x300.jpg 227w, http:\/\/www.beaufort-athletisme.fr\/wp-content\/uploads\/2018\/09\/kipchoge.jpg 454w\" sizes=\"auto, (max-width: 227px) 100vw, 227px\"><\/a><\/div>\n<div>42.195km cou\u00adrus \u00e0 pr\u00e8s de 20,80 kilom\u00e8tres\/heure !<\/div>\n<div>\u2013<\/div>\n<\/div>\n<p><a href=\"http:\/\/www.beaufort-athletisme.fr\/wp-content\/uploads\/2018\/09\/mayer.jpg\"><img loading=\"lazy\" decoding=\"async\" class=\"size-medium wp-image-1428\" src=\"http:\/\/www.beaufort-athletisme.fr\/wp-content\/uploads\/2018\/09\/mayer-225x300.jpg\" alt width=\"225\" height=\"300\" srcset=\"http:\/\/www.beaufort-athletisme.fr\/wp-content\/uploads\/2018\/09\/mayer-225x300.jpg 225w, http:\/\/www.beaufort-athletisme.fr\/wp-content\/uploads\/2018\/09\/mayer-768x1025.jpg 768w, http:\/\/www.beaufort-athletisme.fr\/wp-content\/uploads\/2018\/09\/mayer-767x1024.jpg 767w, http:\/\/www.beaufort-athletisme.fr\/wp-content\/uploads\/2018\/09\/mayer.jpg 1744w\" sizes=\"auto, (max-width: 225px) 100vw, 225px\"><\/a><\/p>\n<p>Les vid\u00e9os et per\u00adfor\u00admances de Kevin May\u00ader sont \u00e0 retrou\u00adver au lien suiv\u00adant :&nbsp;<a href=\"http:\/\/www.athle.fr\/asp.net\/main.news\/news.aspx?newsid=15623\">http:\/\/www.athle.fr\/asp.net\/main.news\/news.aspx?newsid=15623<\/a><\/p>\n","protected":false},"excerpt":{"rendered":"<p>Journ\u00e9e extra\u00ador\u00addi\u00adnaire pour l\u2019ath\u00adl\u00e9tisme avec 2 nou\u00adveaux records du monde, dans 2 lieux dif\u00adf\u00e9rents : Eli\u00adud Kip\u00adchoge (K\u00e9nyan) \u00e0 Berlin qui court le marathon en 2h01\u201939\u2019\u2018 (ancien record 2h02\u201957\u2019\u2019) et K\u00e9vin May\u00ader (Fran\u00e7ais) qui totalise 9 126 points au d\u00e9cathlon \u00e0 Tal\u00adence (ancien record 9045pts) ! 42.195km cou\u00adrus \u00e0 pr\u00e8s de 20,80 kilom\u00e8tres\/heure ! \u2013 [\u2026]<\/p>\n","protected":false},"author":1,"featured_media":0,"comment_status":"closed","ping_status":"closed","sticky":false,"template":"","format":"standard","meta":{"wp_typography_post_enhancements_disabled":false,"footnotes":""},"categories":[11],"tags":[],"class_list":["post-1426","post","type-post","status-publish","format-standard","hentry","category-actualite"],"featured_image_src":null,"author_info":{"display_name":"admin","author_link":"http:\/\/www.beaufort-athletisme.fr\/?author=1"},"_links":{"self":[{"href":"http:\/\/www.beaufort-athletisme.fr\/index.php?rest_route=\/wp\/v2\/posts\/1426","targetHints":{"allow":["GET"]}}],"collection":[{"href":"http:\/\/www.beaufort-athletisme.fr\/index.php?rest_route=\/wp\/v2\/posts"}],"about":[{"href":"http:\/\/www.beaufort-athletisme.fr\/index.php?rest_route=\/wp\/v2\/types\/post"}],"author":[{"embeddable":true,"href":"http:\/\/www.beaufort-athletisme.fr\/index.php?rest_route=\/wp\/v2\/users\/1"}],"replies":[{"embeddable":true,"href":"http:\/\/www.beaufort-athletisme.fr\/index.php?rest_route=%2Fwp%2Fv2%2Fcomments&post=1426"}],"version-history":[{"count":1,"href":"http:\/\/www.beaufort-athletisme.fr\/index.php?rest_route=\/wp\/v2\/posts\/1426\/revisions"}],"predecessor-version":[{"id":1429,"href":"http:\/\/www.beaufort-athletisme.fr\/index.php?rest_route=\/wp\/v2\/posts\/1426\/revisions\/1429"}],"wp:attachment":[{"href":"http:\/\/www.beaufort-athletisme.fr\/index.php?rest_route=%2Fwp%2Fv2%2Fmedia&parent=1426"}],"wp:term":[{"taxonomy":"category","embeddable":true,"href":"http:\/\/www.beaufort-athletisme.fr\/index.php?rest_route=%2Fwp%2Fv2%2Fcategories&post=1426"},{"taxonomy":"post_tag","embeddable":true,"href":"http:\/\/www.beaufort-athletisme.fr\/index.php?rest_route=%2Fwp%2Fv2%2Ftags&post=1426"}],"curies":[{"name":"wp","href":"https:\/\/api.w.org\/{rel}","templated":true}]}}