{"id":1430,"date":"2018-09-24T09:36:57","date_gmt":"2018-09-24T08:36:57","guid":{"rendered":"http:\/\/www.beaufort-athletisme.fr\/?p=1430"},"modified":"2018-09-24T09:36:57","modified_gmt":"2018-09-24T08:36:57","slug":"pourquelesportcompte","status":"publish","type":"post","link":"http:\/\/www.beaufort-athletisme.fr\/?p=1430","title":{"rendered":"#PourQueLeSportCompte"},"content":{"rendered":"<p>D\u00e9j\u00e0 150 000 sig\u00adnataires de la p\u00e9ti\u00adtion nationale lanc\u00e9e par le CNOSF (Comit\u00e9 nation\u00adal olympique et sportif fran\u00e7ais). Cette asso\u00adci\u00ada\u00adtion repr\u00e9sente le mou\u00adve\u00adment sportif fran\u00e7ais aupr\u00e8s des pou\u00advoirs publics, en par\u00adti\u00adc\u00aduli\u00ader du min\u00adist\u00e8re charg\u00e9 des sports. R\u00e9cem\u00adment, une r\u00e9duc\u00adtion a \u00e9t\u00e9 annon\u00adc\u00e9e pour le bud\u00adget attribu\u00e9 au min\u00adist\u00e8re des sports, ain\u00adsi que la sup\u00adpres\u00adsion de nom\u00adbreux postes tech\u00adniques.<\/p>\n<p><a href=\"http:\/\/lesportcompte.franceolympique.com\/cnosf\/lesportcompte\/\">http:\/\/lesportcompte.franceolympique.com\/cnosf\/lesportcompte\/<\/a><\/p>\n<p>&nbsp;<\/p>\n","protected":false},"excerpt":{"rendered":"<p>D\u00e9j\u00e0 150 000 sig\u00adnataires de la p\u00e9ti\u00adtion nationale lanc\u00e9e par le CNOSF (Comit\u00e9 nation\u00adal olympique et sportif fran\u00e7ais). Cette asso\u00adci\u00ada\u00adtion repr\u00e9sente le mou\u00adve\u00adment sportif fran\u00e7ais aupr\u00e8s des pou\u00advoirs publics, en par\u00adti\u00adc\u00aduli\u00ader du min\u00adist\u00e8re charg\u00e9 des sports. R\u00e9cem\u00adment, une r\u00e9duc\u00adtion a \u00e9t\u00e9 annon\u00adc\u00e9e pour le bud\u00adget attribu\u00e9 au min\u00adist\u00e8re des sports, ain\u00adsi que la sup\u00adpres\u00adsion de [\u2026]<\/p>\n","protected":false},"author":1,"featured_media":0,"comment_status":"closed","ping_status":"closed","sticky":false,"template":"","format":"standard","meta":{"wp_typography_post_enhancements_disabled":false,"footnotes":""},"categories":[11],"tags":[],"class_list":["post-1430","post","type-post","status-publish","format-standard","hentry","category-actualite"],"featured_image_src":null,"author_info":{"display_name":"admin","author_link":"http:\/\/www.beaufort-athletisme.fr\/?author=1"},"_links":{"self":[{"href":"http:\/\/www.beaufort-athletisme.fr\/index.php?rest_route=\/wp\/v2\/posts\/1430","targetHints":{"allow":["GET"]}}],"collection":[{"href":"http:\/\/www.beaufort-athletisme.fr\/index.php?rest_route=\/wp\/v2\/posts"}],"about":[{"href":"http:\/\/www.beaufort-athletisme.fr\/index.php?rest_route=\/wp\/v2\/types\/post"}],"author":[{"embeddable":true,"href":"http:\/\/www.beaufort-athletisme.fr\/index.php?rest_route=\/wp\/v2\/users\/1"}],"replies":[{"embeddable":true,"href":"http:\/\/www.beaufort-athletisme.fr\/index.php?rest_route=%2Fwp%2Fv2%2Fcomments&post=1430"}],"version-history":[{"count":1,"href":"http:\/\/www.beaufort-athletisme.fr\/index.php?rest_route=\/wp\/v2\/posts\/1430\/revisions"}],"predecessor-version":[{"id":1431,"href":"http:\/\/www.beaufort-athletisme.fr\/index.php?rest_route=\/wp\/v2\/posts\/1430\/revisions\/1431"}],"wp:attachment":[{"href":"http:\/\/www.beaufort-athletisme.fr\/index.php?rest_route=%2Fwp%2Fv2%2Fmedia&parent=1430"}],"wp:term":[{"taxonomy":"category","embeddable":true,"href":"http:\/\/www.beaufort-athletisme.fr\/index.php?rest_route=%2Fwp%2Fv2%2Fcategories&post=1430"},{"taxonomy":"post_tag","embeddable":true,"href":"http:\/\/www.beaufort-athletisme.fr\/index.php?rest_route=%2Fwp%2Fv2%2Ftags&post=1430"}],"curies":[{"name":"wp","href":"https:\/\/api.w.org\/{rel}","templated":true}]}}