{"id":1432,"date":"2018-09-24T23:40:53","date_gmt":"2018-09-24T22:40:53","guid":{"rendered":"http:\/\/www.beaufort-athletisme.fr\/?p=1432"},"modified":"2018-09-24T23:40:53","modified_gmt":"2018-09-24T22:40:53","slug":"criterium-des-specialites-23-09-2018","status":"publish","type":"post","link":"http:\/\/www.beaufort-athletisme.fr\/?p=1432","title":{"rendered":"Crit\u00e9rium des sp\u00e9cialit\u00e9s [23\/09\/2018]"},"content":{"rendered":"<p>A La-Roche-Sur-Yon, 4 ath\u00adl\u00e8tes de l\u2019US Beau\u00adfort Ath\u00adl\u00e9tisme ont par\u00adticip\u00e9 au crit\u00e9ri\u00adum des sp\u00e9\u00adcial\u00adit\u00e9s : <strong>Thibault Guineberteau<\/strong> avec 1m60 \u00e0 la hau\u00adteur (et 5m87 \u00e0 la longueur), <strong>Gwen\u00addal Chau\u00adveau<\/strong>, 1m60 \u00e0 la hau\u00adteur et 10m51 au lancer de poids (5kg) (nou\u00adveau <em><span style=\"color: #ff0000;\"><strong>record per\u00adson\u00adnel<\/strong><\/span><\/em>, ancien \u00e0 10m42), <strong>Ivan-Vas\u00adsili Chamail\u00adlard<\/strong> avec 12m43 au lancer de poids 4kg (nou\u00adveau <em><strong><span style=\"color: #ff0000;\">record per\u00adson\u00adnel<\/span><\/strong><\/em>, ancien \u00e0 12m35) et <strong>Thomas Daburon<\/strong> avec 8m75 au lancer de poids (7kg).<\/p>\n<p>Cette pre\u00admi\u00e8re com\u00adp\u00e9ti\u00adtion de la sai\u00adson (pour les min\u00adimes et plus) a per\u00admis pour bon nom\u00adbre de s\u2019a\u00admuser dans de nou\u00advelles dis\u00adci\u00adplines (hau\u00adteur, disque) et de cr\u00e9er de la coh\u00e9\u00adsion autour des lancers !<\/p>\n<p><a href=\"http:\/\/www.beaufort-athletisme.fr\/wp-content\/uploads\/2018\/09\/gwen.jpeg\"><img loading=\"lazy\" decoding=\"async\" class=\"alignnone size-medium wp-image-1433\" src=\"http:\/\/www.beaufort-athletisme.fr\/wp-content\/uploads\/2018\/09\/gwen-300x169.jpeg\" alt width=\"300\" height=\"169\" srcset=\"http:\/\/www.beaufort-athletisme.fr\/wp-content\/uploads\/2018\/09\/gwen-300x169.jpeg 300w, http:\/\/www.beaufort-athletisme.fr\/wp-content\/uploads\/2018\/09\/gwen-768x432.jpeg 768w, http:\/\/www.beaufort-athletisme.fr\/wp-content\/uploads\/2018\/09\/gwen-1024x576.jpeg 1024w, http:\/\/www.beaufort-athletisme.fr\/wp-content\/uploads\/2018\/09\/gwen-500x281.jpeg 500w, http:\/\/www.beaufort-athletisme.fr\/wp-content\/uploads\/2018\/09\/gwen.jpeg 1280w\" sizes=\"auto, (max-width: 300px) 100vw, 300px\"><\/a> <a href=\"http:\/\/www.beaufort-athletisme.fr\/wp-content\/uploads\/2018\/09\/ivan.jpeg\"><img loading=\"lazy\" decoding=\"async\" class=\"alignnone size-medium wp-image-1434\" src=\"http:\/\/www.beaufort-athletisme.fr\/wp-content\/uploads\/2018\/09\/ivan-300x169.jpeg\" alt width=\"300\" height=\"169\" srcset=\"http:\/\/www.beaufort-athletisme.fr\/wp-content\/uploads\/2018\/09\/ivan-300x169.jpeg 300w, http:\/\/www.beaufort-athletisme.fr\/wp-content\/uploads\/2018\/09\/ivan-768x432.jpeg 768w, http:\/\/www.beaufort-athletisme.fr\/wp-content\/uploads\/2018\/09\/ivan-1024x576.jpeg 1024w, http:\/\/www.beaufort-athletisme.fr\/wp-content\/uploads\/2018\/09\/ivan-500x281.jpeg 500w, http:\/\/www.beaufort-athletisme.fr\/wp-content\/uploads\/2018\/09\/ivan.jpeg 1280w\" sizes=\"auto, (max-width: 300px) 100vw, 300px\"><\/a> <a href=\"http:\/\/www.beaufort-athletisme.fr\/wp-content\/uploads\/2018\/09\/ivan2.jpeg\"><img loading=\"lazy\" decoding=\"async\" class=\"alignnone size-medium wp-image-1435\" src=\"http:\/\/www.beaufort-athletisme.fr\/wp-content\/uploads\/2018\/09\/ivan2-300x169.jpeg\" alt width=\"300\" height=\"169\" srcset=\"http:\/\/www.beaufort-athletisme.fr\/wp-content\/uploads\/2018\/09\/ivan2-300x169.jpeg 300w, http:\/\/www.beaufort-athletisme.fr\/wp-content\/uploads\/2018\/09\/ivan2-768x432.jpeg 768w, http:\/\/www.beaufort-athletisme.fr\/wp-content\/uploads\/2018\/09\/ivan2-1024x576.jpeg 1024w, http:\/\/www.beaufort-athletisme.fr\/wp-content\/uploads\/2018\/09\/ivan2-500x281.jpeg 500w, http:\/\/www.beaufort-athletisme.fr\/wp-content\/uploads\/2018\/09\/ivan2.jpeg 1280w\" sizes=\"auto, (max-width: 300px) 100vw, 300px\"><\/a> <a href=\"http:\/\/www.beaufort-athletisme.fr\/wp-content\/uploads\/2018\/09\/lancers-team.jpeg\"><img loading=\"lazy\" decoding=\"async\" class=\"alignnone size-medium wp-image-1436\" src=\"http:\/\/www.beaufort-athletisme.fr\/wp-content\/uploads\/2018\/09\/lancers-team-300x169.jpeg\" alt width=\"300\" height=\"169\" srcset=\"http:\/\/www.beaufort-athletisme.fr\/wp-content\/uploads\/2018\/09\/lancers-team-300x169.jpeg 300w, http:\/\/www.beaufort-athletisme.fr\/wp-content\/uploads\/2018\/09\/lancers-team-768x432.jpeg 768w, http:\/\/www.beaufort-athletisme.fr\/wp-content\/uploads\/2018\/09\/lancers-team-1024x576.jpeg 1024w, http:\/\/www.beaufort-athletisme.fr\/wp-content\/uploads\/2018\/09\/lancers-team-500x281.jpeg 500w, http:\/\/www.beaufort-athletisme.fr\/wp-content\/uploads\/2018\/09\/lancers-team.jpeg 1280w\" sizes=\"auto, (max-width: 300px) 100vw, 300px\"><\/a> <a href=\"http:\/\/www.beaufort-athletisme.fr\/wp-content\/uploads\/2018\/09\/thib-gwen.jpeg\"><img loading=\"lazy\" decoding=\"async\" class=\"alignnone size-medium wp-image-1437\" src=\"http:\/\/www.beaufort-athletisme.fr\/wp-content\/uploads\/2018\/09\/thib-gwen-300x169.jpeg\" alt width=\"300\" height=\"169\" srcset=\"http:\/\/www.beaufort-athletisme.fr\/wp-content\/uploads\/2018\/09\/thib-gwen-300x169.jpeg 300w, http:\/\/www.beaufort-athletisme.fr\/wp-content\/uploads\/2018\/09\/thib-gwen-768x432.jpeg 768w, http:\/\/www.beaufort-athletisme.fr\/wp-content\/uploads\/2018\/09\/thib-gwen-1024x576.jpeg 1024w, http:\/\/www.beaufort-athletisme.fr\/wp-content\/uploads\/2018\/09\/thib-gwen-500x281.jpeg 500w, http:\/\/www.beaufort-athletisme.fr\/wp-content\/uploads\/2018\/09\/thib-gwen.jpeg 1280w\" sizes=\"auto, (max-width: 300px) 100vw, 300px\"><\/a> <a href=\"http:\/\/www.beaufort-athletisme.fr\/wp-content\/uploads\/2018\/09\/thom.jpeg\"><img loading=\"lazy\" decoding=\"async\" class=\"alignnone size-medium wp-image-1438\" src=\"http:\/\/www.beaufort-athletisme.fr\/wp-content\/uploads\/2018\/09\/thom-300x169.jpeg\" alt width=\"300\" height=\"169\" srcset=\"http:\/\/www.beaufort-athletisme.fr\/wp-content\/uploads\/2018\/09\/thom-300x169.jpeg 300w, http:\/\/www.beaufort-athletisme.fr\/wp-content\/uploads\/2018\/09\/thom-768x432.jpeg 768w, http:\/\/www.beaufort-athletisme.fr\/wp-content\/uploads\/2018\/09\/thom-1024x576.jpeg 1024w, http:\/\/www.beaufort-athletisme.fr\/wp-content\/uploads\/2018\/09\/thom-500x281.jpeg 500w, http:\/\/www.beaufort-athletisme.fr\/wp-content\/uploads\/2018\/09\/thom.jpeg 1280w\" sizes=\"auto, (max-width: 300px) 100vw, 300px\"><\/a><\/p>\n<p>Cr\u00e9dits pho\u00adtos : Genevi\u00e8ve Guiblet<\/p>\n<p>Les r\u00e9sul\u00adtats des autres sec\u00adtions du CAPS sont \u00e0 retrou\u00adver par ici&nbsp; :&nbsp;<a href=\"http:\/\/caps49.athle.com\/asp.net\/espaces.news\/news.aspx?id=252394\">http:\/\/caps49.athle.com\/asp.net\/espaces.news\/news.aspx?id=252394<\/a><\/p>\n<p>Tous les r\u00e9sul\u00adtats de la com\u00adp\u00e9ti\u00adtion :&nbsp;<a href=\"http:\/\/bases.athle.com\/asp.net\/liste.aspx?frmbase=resultats&amp;frmmode=1&amp;frmespace=0&amp;frmcompetition=221964\">http:\/\/bases.athle.com\/asp.net\/liste.aspx?frmbase=resultats&amp;frmmode=1&amp;frmespace=0&amp;frmcompetition=221964<\/a><\/p>\n","protected":false},"excerpt":{"rendered":"<p>A La-Roche-Sur-Yon, 4 ath\u00adl\u00e8tes de l\u2019US Beau\u00adfort Ath\u00adl\u00e9tisme ont par\u00adticip\u00e9 au crit\u00e9ri\u00adum des sp\u00e9\u00adcial\u00adit\u00e9s : Thibault Guineberteau avec 1m60 \u00e0 la hau\u00adteur (et 5m87 \u00e0 la longueur), Gwen\u00addal Chau\u00adveau, 1m60 \u00e0 la hau\u00adteur et 10m51 au lancer de poids (5kg) (nou\u00adveau record per\u00adson\u00adnel, ancien \u00e0 10m42), Ivan-Vas\u00adsili Chamail\u00adlard avec 12m43 au lancer de poids 4kg [\u2026]<\/p>\n","protected":false},"author":1,"featured_media":0,"comment_status":"closed","ping_status":"closed","sticky":false,"template":"","format":"standard","meta":{"wp_typography_post_enhancements_disabled":false,"footnotes":""},"categories":[11],"tags":[],"class_list":["post-1432","post","type-post","status-publish","format-standard","hentry","category-actualite"],"featured_image_src":null,"author_info":{"display_name":"admin","author_link":"http:\/\/www.beaufort-athletisme.fr\/?author=1"},"_links":{"self":[{"href":"http:\/\/www.beaufort-athletisme.fr\/index.php?rest_route=\/wp\/v2\/posts\/1432","targetHints":{"allow":["GET"]}}],"collection":[{"href":"http:\/\/www.beaufort-athletisme.fr\/index.php?rest_route=\/wp\/v2\/posts"}],"about":[{"href":"http:\/\/www.beaufort-athletisme.fr\/index.php?rest_route=\/wp\/v2\/types\/post"}],"author":[{"embeddable":true,"href":"http:\/\/www.beaufort-athletisme.fr\/index.php?rest_route=\/wp\/v2\/users\/1"}],"replies":[{"embeddable":true,"href":"http:\/\/www.beaufort-athletisme.fr\/index.php?rest_route=%2Fwp%2Fv2%2Fcomments&post=1432"}],"version-history":[{"count":1,"href":"http:\/\/www.beaufort-athletisme.fr\/index.php?rest_route=\/wp\/v2\/posts\/1432\/revisions"}],"predecessor-version":[{"id":1439,"href":"http:\/\/www.beaufort-athletisme.fr\/index.php?rest_route=\/wp\/v2\/posts\/1432\/revisions\/1439"}],"wp:attachment":[{"href":"http:\/\/www.beaufort-athletisme.fr\/index.php?rest_route=%2Fwp%2Fv2%2Fmedia&parent=1432"}],"wp:term":[{"taxonomy":"category","embeddable":true,"href":"http:\/\/www.beaufort-athletisme.fr\/index.php?rest_route=%2Fwp%2Fv2%2Fcategories&post=1432"},{"taxonomy":"post_tag","embeddable":true,"href":"http:\/\/www.beaufort-athletisme.fr\/index.php?rest_route=%2Fwp%2Fv2%2Ftags&post=1432"}],"curies":[{"name":"wp","href":"https:\/\/api.w.org\/{rel}","templated":true}]}}