{"id":1679,"date":"2018-11-22T23:44:47","date_gmt":"2018-11-22T22:44:47","guid":{"rendered":"http:\/\/www.beaufort-athletisme.fr\/?p=1679"},"modified":"2018-11-22T23:44:47","modified_gmt":"2018-11-22T22:44:47","slug":"departementaux-en-salle-a-partir-de-la-categorie-benjamins","status":"publish","type":"post","link":"http:\/\/www.beaufort-athletisme.fr\/?p=1679","title":{"rendered":"D\u00e9partementaux en salle (\u00e0 partir de la cat\u00e9gorie benjamins)"},"content":{"rendered":"<p><span style=\"text-decoration: underline;\">Les dates des d\u00e9parte\u00admen\u00adtaux en salle par cat\u00e9\u00adgorie :<\/span><\/p>\n<table dir=\"ltr\" cellspacing=\"0\" cellpadding=\"0\">\n<colgroup>\n<col width=\"110\">\n<col width=\"477\">\n<col width=\"449\">\n<col width=\"176\"><\/colgroup>\n<tbody>\n<tr>\n<td data-sheets-value=\"{&quot;1&quot;:3,&quot;3&quot;:43442}\" data-sheets-numberformat=\"[null,5,&quot;dd\/mm&quot;,1]\">08\/12<\/td>\n<td><\/td>\n<td data-sheets-value=\"{&quot;1&quot;:2,&quot;2&quot;:&quot;D\u00e9partementaux Indoor Benjamins&quot;}\">D\u00e9parte\u00admen\u00adtaux Indoor Ben\u00adjamins<\/td>\n<td data-sheets-value=\"{&quot;1&quot;:2,&quot;2&quot;:&quot;Saumur&quot;}\">Saumur<\/td>\n<\/tr>\n<tr>\n<td data-sheets-value=\"{&quot;1&quot;:3,&quot;3&quot;:43443}\" data-sheets-numberformat=\"[null,5,&quot;dd\/mm&quot;,1]\">09\/12<\/td>\n<td><\/td>\n<td data-sheets-value=\"{&quot;1&quot;:2,&quot;2&quot;:&quot;D\u00e9partementaux Indoor Cadets \u00e0 S\u00e9niors&quot;}\">D\u00e9parte\u00admen\u00adtaux Indoor Cadets \u00e0 S\u00e9niors<\/td>\n<td data-sheets-value=\"{&quot;1&quot;:2,&quot;2&quot;:&quot;Saumur&quot;}\">Saumur<\/td>\n<\/tr>\n<tr>\n<td data-sheets-value=\"{&quot;1&quot;:3,&quot;3&quot;:43449}\" data-sheets-numberformat=\"[null,5,&quot;dd\/mm&quot;,1]\">15\/12<\/td>\n<td><\/td>\n<td data-sheets-value=\"{&quot;1&quot;:2,&quot;2&quot;:&quot;D\u00e9partementaux Indoor Minimes&quot;}\">D\u00e9parte\u00admen\u00adtaux Indoor Min\u00adimes<\/td>\n<td data-sheets-value=\"{&quot;1&quot;:2,&quot;2&quot;:&quot;Saumur&quot;}\">Saumur<\/td>\n<\/tr>\n<\/tbody>\n<\/table>\n<p>Ils se d\u00e9rouleront au gym\u00adnase Jean Cha\u00adcun \u00e0 Saumur (tout pr\u00e8s du Leclerc et D\u00e9cathlon). Vous pou\u00advez dores et d\u00e9j\u00e0 trou\u00adver les horaires de ces com\u00adp\u00e9ti\u00adtions sur le site inter\u00adnet du Comit\u00e9 d\u00e9parte\u00admen\u00adtal d\u2019ath\u00adl\u00e9tisme 49 :&nbsp;<a href=\"http:\/\/49.athle.com\/asp.net\/espaces.html\/html.aspx?id=40933\">http:\/\/49.athle.com\/asp.net\/espaces.html\/html.aspx?id=40933<\/a><\/p>\n<p>R\u00e9fl\u00e9chissez aux \u00e9preuves que vous souhaitez pren\u00addre : trois oblig\u00ada\u00adtoires pour les ben\u00adjamins et min\u00adimes (plus d\u2019in\u00adfor\u00adma\u00adtions sur le type d\u2019\u00e9preuves \u00e0 choisir sur la feuille des horaires).<\/p>\n<p>Un mail va arriv\u00ader dans les prochains jours pour que vous puissiez vous inscrire !<\/p>\n","protected":false},"excerpt":{"rendered":"<p>Les dates des d\u00e9parte\u00admen\u00adtaux en salle par cat\u00e9\u00adgorie : 08\/12 D\u00e9parte\u00admen\u00adtaux Indoor Ben\u00adjamins Saumur 09\/12 D\u00e9parte\u00admen\u00adtaux Indoor Cadets \u00e0 S\u00e9niors Saumur 15\/12 D\u00e9parte\u00admen\u00adtaux Indoor Min\u00adimes Saumur Ils se d\u00e9rouleront au gym\u00adnase Jean Cha\u00adcun \u00e0 Saumur (tout pr\u00e8s du Leclerc et D\u00e9cathlon). Vous pou\u00advez dores et d\u00e9j\u00e0 trou\u00adver les horaires de ces com\u00adp\u00e9ti\u00adtions sur le site [\u2026]<\/p>\n","protected":false},"author":1,"featured_media":0,"comment_status":"closed","ping_status":"closed","sticky":false,"template":"","format":"standard","meta":{"wp_typography_post_enhancements_disabled":false,"footnotes":""},"categories":[11],"tags":[],"class_list":["post-1679","post","type-post","status-publish","format-standard","hentry","category-actualite"],"featured_image_src":null,"author_info":{"display_name":"admin","author_link":"http:\/\/www.beaufort-athletisme.fr\/?author=1"},"_links":{"self":[{"href":"http:\/\/www.beaufort-athletisme.fr\/index.php?rest_route=\/wp\/v2\/posts\/1679","targetHints":{"allow":["GET"]}}],"collection":[{"href":"http:\/\/www.beaufort-athletisme.fr\/index.php?rest_route=\/wp\/v2\/posts"}],"about":[{"href":"http:\/\/www.beaufort-athletisme.fr\/index.php?rest_route=\/wp\/v2\/types\/post"}],"author":[{"embeddable":true,"href":"http:\/\/www.beaufort-athletisme.fr\/index.php?rest_route=\/wp\/v2\/users\/1"}],"replies":[{"embeddable":true,"href":"http:\/\/www.beaufort-athletisme.fr\/index.php?rest_route=%2Fwp%2Fv2%2Fcomments&post=1679"}],"version-history":[{"count":1,"href":"http:\/\/www.beaufort-athletisme.fr\/index.php?rest_route=\/wp\/v2\/posts\/1679\/revisions"}],"predecessor-version":[{"id":1680,"href":"http:\/\/www.beaufort-athletisme.fr\/index.php?rest_route=\/wp\/v2\/posts\/1679\/revisions\/1680"}],"wp:attachment":[{"href":"http:\/\/www.beaufort-athletisme.fr\/index.php?rest_route=%2Fwp%2Fv2%2Fmedia&parent=1679"}],"wp:term":[{"taxonomy":"category","embeddable":true,"href":"http:\/\/www.beaufort-athletisme.fr\/index.php?rest_route=%2Fwp%2Fv2%2Fcategories&post=1679"},{"taxonomy":"post_tag","embeddable":true,"href":"http:\/\/www.beaufort-athletisme.fr\/index.php?rest_route=%2Fwp%2Fv2%2Ftags&post=1679"}],"curies":[{"name":"wp","href":"https:\/\/api.w.org\/{rel}","templated":true}]}}