{"id":1697,"date":"2018-12-13T12:36:29","date_gmt":"2018-12-13T11:36:29","guid":{"rendered":"http:\/\/www.beaufort-athletisme.fr\/?p=1697"},"modified":"2018-12-13T12:42:13","modified_gmt":"2018-12-13T11:42:13","slug":"departementaux-en-salle-benjamines-08-12-2018","status":"publish","type":"post","link":"http:\/\/www.beaufort-athletisme.fr\/?p=1697","title":{"rendered":"D\u00e9partementaux en salle Benjamin(e)s [08\/12\/2018]"},"content":{"rendered":"\n<p style=\"font-size:12px\">Same\u00addi 8 d\u00e9cem\u00adbre 2018 avaient lieu les d\u00e9parte\u00admen\u00adtaux en salle benjamin(e)s \u00e0 Saumur.<br>Nos 6 ath\u00adl\u00e8tes se sont super bien com\u00adport\u00e9s :<\/p>\n\n\n\n<p style=\"font-size:12px\">Sarah GROMALA r\u00e9alise un triathlon \u00e0 79 points (7\u00e8me sur 109) et se qual\u00adi\u00adfie ain\u00adsi pour un futur match inter-comit\u00e9s. Elle abaisse notam\u00adment son record au 50m haies de 5 dix\u00adi\u00e8mes (elle passe 9\u2019\u201872 \u00e0 9\u2019\u201921) et rem\u00adporte la m\u00e9daille de bronze aux haies et la m\u00e9daille d\u2019ar\u00adgent \u00e0 la hau\u00adteur avec 1m20 en hau\u00adteur.<\/p>\n\n\n\n<p style=\"font-size:12px\">L\u00e9o DUPONT, pour sa pre\u00admi\u00e8re com\u00adp\u00e9ti\u00adtion dans la cat\u00e9\u00adgorie, r\u00e9alise un triathlon \u00e0 66 points (10\u00e8me sur 75) et rem\u00adporte notam\u00adment le con\u00adcours de saut \u00e0 la perche avec 1m90 !<\/p>\n\n\n\n<p style=\"font-size:12px\">Ambre JOUAND-PUCELLE r\u00e9alise 62 points sur son triathlon, avec notam\u00adment un record per\u00adson\u00adnel au saut en longueur avec 3m59.<\/p>\n\n\n\n<p style=\"font-size:12px\">No\u00e9 NICOLAS, r\u00e9alise un triathlon \u00e0 51 points et finit notam\u00adment 4\u00e8me du con\u00adcours de lancer de poids, sur 51 par\u00adtic\u00adi\u00adpants.<\/p>\n\n\n\n<p style=\"font-size:12px\">Car\u00admen GAUDIN, r\u00e9alise un triathlon \u00e0 42 points et am\u00e9liore un peu toutes ses per\u00adfor\u00admances (son ancien record au triathlon \u00e9tait de 30 points, belle pro\u00adgres\u00adsion!)<\/p>\n\n\n\n<p style=\"font-size:12px\">Ma\u00ebl TALLEC-DENESLE [en attente des r\u00e9sul\u00adtats com\u00adplets suite \u00e0 un prob\u00adl\u00e8me infor\u00adma\u00adtique]<\/p>\n\n\n\n<p style=\"font-size:12px\">Les r\u00e9sul\u00adtats com\u00adplets de la journ\u00e9e :&nbsp;<a href=\"http:\/\/bases.athle.com\/asp.net\/liste.aspx?frmbase=resultats&amp;frmmode=1&amp;frmespace=1320&amp;frmcompetition=225744\">http:\/\/bases.athle.com\/asp.net\/liste.aspx?frmbase=resultats&amp;frmmode=1&amp;frmespace=1320&amp;frmcompetition=225744<\/a><\/p>\n\n\n\n<figure class=\"wp-block-image is-resized\"><img loading=\"lazy\" decoding=\"async\" src=\"http:\/\/www.beaufort-athletisme.fr\/wp-content\/uploads\/2018\/12\/departem-en-salle-2018.jpg\" alt class=\"wp-image-1702\" width=\"234\" height=\"419\" srcset=\"http:\/\/www.beaufort-athletisme.fr\/wp-content\/uploads\/2018\/12\/departem-en-salle-2018.jpg 537w, http:\/\/www.beaufort-athletisme.fr\/wp-content\/uploads\/2018\/12\/departem-en-salle-2018-168x300.jpg 168w\" sizes=\"auto, (max-width: 234px) 100vw, 234px\"><figcaption>Cr\u00e9dit Pho\u00adto : Alban LEBOUTEILLER<\/figcaption><\/figure>\n","protected":false},"excerpt":{"rendered":"<p>Same\u00addi 8 d\u00e9cem\u00adbre 2018 avaient lieu les d\u00e9parte\u00admen\u00adtaux en salle benjamin(e)s \u00e0 Saumur.Nos 6 ath\u00adl\u00e8tes se sont super bien com\u00adport\u00e9s : Sarah GROMALA r\u00e9alise un triathlon \u00e0 79 points (7\u00e8me sur 109) et se qual\u00adi\u00adfie ain\u00adsi pour un futur match inter-comit\u00e9s. Elle abaisse notam\u00adment son record au 50m haies de 5 dix\u00adi\u00e8mes (elle passe 9\u2019\u201872 [\u2026]<\/p>\n","protected":false},"author":1,"featured_media":0,"comment_status":"closed","ping_status":"closed","sticky":false,"template":"","format":"standard","meta":{"wp_typography_post_enhancements_disabled":false,"footnotes":""},"categories":[11],"tags":[],"class_list":["post-1697","post","type-post","status-publish","format-standard","hentry","category-actualite"],"featured_image_src":null,"author_info":{"display_name":"admin","author_link":"http:\/\/www.beaufort-athletisme.fr\/?author=1"},"_links":{"self":[{"href":"http:\/\/www.beaufort-athletisme.fr\/index.php?rest_route=\/wp\/v2\/posts\/1697","targetHints":{"allow":["GET"]}}],"collection":[{"href":"http:\/\/www.beaufort-athletisme.fr\/index.php?rest_route=\/wp\/v2\/posts"}],"about":[{"href":"http:\/\/www.beaufort-athletisme.fr\/index.php?rest_route=\/wp\/v2\/types\/post"}],"author":[{"embeddable":true,"href":"http:\/\/www.beaufort-athletisme.fr\/index.php?rest_route=\/wp\/v2\/users\/1"}],"replies":[{"embeddable":true,"href":"http:\/\/www.beaufort-athletisme.fr\/index.php?rest_route=%2Fwp%2Fv2%2Fcomments&post=1697"}],"version-history":[{"count":2,"href":"http:\/\/www.beaufort-athletisme.fr\/index.php?rest_route=\/wp\/v2\/posts\/1697\/revisions"}],"predecessor-version":[{"id":1704,"href":"http:\/\/www.beaufort-athletisme.fr\/index.php?rest_route=\/wp\/v2\/posts\/1697\/revisions\/1704"}],"wp:attachment":[{"href":"http:\/\/www.beaufort-athletisme.fr\/index.php?rest_route=%2Fwp%2Fv2%2Fmedia&parent=1697"}],"wp:term":[{"taxonomy":"category","embeddable":true,"href":"http:\/\/www.beaufort-athletisme.fr\/index.php?rest_route=%2Fwp%2Fv2%2Fcategories&post=1697"},{"taxonomy":"post_tag","embeddable":true,"href":"http:\/\/www.beaufort-athletisme.fr\/index.php?rest_route=%2Fwp%2Fv2%2Ftags&post=1697"}],"curies":[{"name":"wp","href":"https:\/\/api.w.org\/{rel}","templated":true}]}}