{"id":1699,"date":"2018-12-13T12:39:47","date_gmt":"2018-12-13T11:39:47","guid":{"rendered":"http:\/\/www.beaufort-athletisme.fr\/?p=1699"},"modified":"2018-12-13T12:39:50","modified_gmt":"2018-12-13T11:39:50","slug":"departementaux-en-salle-ca-ju-es-se-ma-09-12-2018","status":"publish","type":"post","link":"http:\/\/www.beaufort-athletisme.fr\/?p=1699","title":{"rendered":"D\u00e9partementaux en salle CA\/JU\/ES\/SE\/MA [09\/12\/2018]"},"content":{"rendered":"\n<p style=\"font-size:14px\">Grande journ\u00e9e pour les ath\u00adl\u00e8tes de l\u2019US Beau\u00adfort Ath\u00adl\u00e9tisme \u00e0 Saumur :<br>-<strong>Gwen\u00addal CHAUVEAU<\/strong> est cham\u00adpi\u00adon d\u00e9parte\u00admen\u00adtal cadet du saut \u00e0 la perche avec 4m10 et \u00e9gale\u00adment du lancer de poids avec 11m20 (nou\u00adveau record per\u00adson\u00adnel, ancien record \u00e0 10m51).<br>-<strong>Ivan-Vas\u00adsili CHAMAILLARD<\/strong> finit 3\u00e8me des cham\u00adpi\u00adonnats d\u00e9parte\u00admen\u00adtaux cadets avec un lancer de poids \u00e0 10m22.<br>-<strong>Jean-Bap\u00adtiste FERCHAUD<\/strong> pour son retour \u00e0 la com\u00adp\u00e9ti\u00adtion fran\u00adchit 4m10 \u00e0 la perche (3\u00e8me d\u00e9parte\u00admen\u00adtal).<br>-<strong>Ele\u00adna CARREEL<\/strong> finit 4\u00e8me cadette sur le saut en longueur avec 4m67 (une am\u00e9lio\u00adra\u00adtion de son record de 30 cm !).<\/p>\n\n\n\n<p style=\"font-size:14px\">L\u2019ensem\u00adble des r\u00e9sul\u00adtats de cette journ\u00e9e :&nbsp;<a href=\"http:\/\/bases.athle.com\/asp.net\/liste.aspx?frmbase=resultats&amp;frmmode=1&amp;frmespace=1320&amp;frmcompetition=225745&amp;fbclid=IwAR1SbP3sCawWhvA4eDwCqPLMls1QOvwKflGgQ47a4mc4crjGxNQhRT8qWGs\" target=\"_blank\" rel=\"noreferrer noopener\">http:\/\/bases.athle.com\/asp.net\/liste.aspx\u2026<\/a><\/p>\n\n\n\n<figure class=\"wp-block-image is-resized\"><img loading=\"lazy\" decoding=\"async\" src=\"http:\/\/www.beaufort-athletisme.fr\/wp-content\/uploads\/2018\/12\/departem-en-salle-ca-2018.jpg\" alt class=\"wp-image-1700\" width=\"590\" height=\"442\" srcset=\"http:\/\/www.beaufort-athletisme.fr\/wp-content\/uploads\/2018\/12\/departem-en-salle-ca-2018.jpg 960w, http:\/\/www.beaufort-athletisme.fr\/wp-content\/uploads\/2018\/12\/departem-en-salle-ca-2018-300x225.jpg 300w, http:\/\/www.beaufort-athletisme.fr\/wp-content\/uploads\/2018\/12\/departem-en-salle-ca-2018-768x576.jpg 768w, http:\/\/www.beaufort-athletisme.fr\/wp-content\/uploads\/2018\/12\/departem-en-salle-ca-2018-400x300.jpg 400w\" sizes=\"auto, (max-width: 590px) 100vw, 590px\"><\/figure>\n\n\n\n<p style=\"font-size:14px\">\u2013<br>A Mayenne, ce m\u00eame jour, <strong>Sacha THUAULT<\/strong> bat ses records per\u00adson\u00adnels en r\u00e9al\u00adisant 7\u201c19 sur 60m et 6m22 au saut en longueur !<\/p>\n","protected":false},"excerpt":{"rendered":"<p>Grande journ\u00e9e pour les ath\u00adl\u00e8tes de l\u2019US Beau\u00adfort Ath\u00adl\u00e9tisme \u00e0 Saumur :-Gwen\u00addal CHAUVEAU est cham\u00adpi\u00adon d\u00e9parte\u00admen\u00adtal cadet du saut \u00e0 la perche avec 4m10 et \u00e9gale\u00adment du lancer de poids avec 11m20 (nou\u00adveau record per\u00adson\u00adnel, ancien record \u00e0 10m51).-Ivan-Vas\u00adsili CHAMAILLARD finit 3\u00e8me des cham\u00adpi\u00adonnats d\u00e9parte\u00admen\u00adtaux cadets avec un lancer de poids \u00e0 10m22.-Jean-Bap\u00adtiste FERCHAUD pour [\u2026]<\/p>\n","protected":false},"author":1,"featured_media":0,"comment_status":"closed","ping_status":"closed","sticky":false,"template":"","format":"standard","meta":{"wp_typography_post_enhancements_disabled":false,"footnotes":""},"categories":[11],"tags":[],"class_list":["post-1699","post","type-post","status-publish","format-standard","hentry","category-actualite"],"featured_image_src":null,"author_info":{"display_name":"admin","author_link":"http:\/\/www.beaufort-athletisme.fr\/?author=1"},"_links":{"self":[{"href":"http:\/\/www.beaufort-athletisme.fr\/index.php?rest_route=\/wp\/v2\/posts\/1699","targetHints":{"allow":["GET"]}}],"collection":[{"href":"http:\/\/www.beaufort-athletisme.fr\/index.php?rest_route=\/wp\/v2\/posts"}],"about":[{"href":"http:\/\/www.beaufort-athletisme.fr\/index.php?rest_route=\/wp\/v2\/types\/post"}],"author":[{"embeddable":true,"href":"http:\/\/www.beaufort-athletisme.fr\/index.php?rest_route=\/wp\/v2\/users\/1"}],"replies":[{"embeddable":true,"href":"http:\/\/www.beaufort-athletisme.fr\/index.php?rest_route=%2Fwp%2Fv2%2Fcomments&post=1699"}],"version-history":[{"count":1,"href":"http:\/\/www.beaufort-athletisme.fr\/index.php?rest_route=\/wp\/v2\/posts\/1699\/revisions"}],"predecessor-version":[{"id":1701,"href":"http:\/\/www.beaufort-athletisme.fr\/index.php?rest_route=\/wp\/v2\/posts\/1699\/revisions\/1701"}],"wp:attachment":[{"href":"http:\/\/www.beaufort-athletisme.fr\/index.php?rest_route=%2Fwp%2Fv2%2Fmedia&parent=1699"}],"wp:term":[{"taxonomy":"category","embeddable":true,"href":"http:\/\/www.beaufort-athletisme.fr\/index.php?rest_route=%2Fwp%2Fv2%2Fcategories&post=1699"},{"taxonomy":"post_tag","embeddable":true,"href":"http:\/\/www.beaufort-athletisme.fr\/index.php?rest_route=%2Fwp%2Fv2%2Ftags&post=1699"}],"curies":[{"name":"wp","href":"https:\/\/api.w.org\/{rel}","templated":true}]}}