{"id":1708,"date":"2018-12-26T15:05:22","date_gmt":"2018-12-26T14:05:22","guid":{"rendered":"http:\/\/www.beaufort-athletisme.fr\/?p=1708"},"modified":"2018-12-26T15:05:23","modified_gmt":"2018-12-26T14:05:23","slug":"performances-du-week-end-21-et-23-12-2018","status":"publish","type":"post","link":"http:\/\/www.beaufort-athletisme.fr\/?p=1708","title":{"rendered":"Performances du week-end [21 et 23\/12\/2018]"},"content":{"rendered":"\n<p style=\"font-size:14px\">Deux gross\u00ades per\u00adfor\u00admances ont \u00e9t\u00e9 r\u00e9al\u00adis\u00e9es ce week-end avant No\u00ebl par des ath\u00adl\u00e8tes du club :<br>-<strong>Ele\u00adna CARREEL<\/strong> a franchi 2m95 au saut \u00e0 la perche ven\u00addre\u00addi soir au meet\u00ading de Mouilleron Le Cap\u00adtif. Cette barre lui assure ais\u00e9\u00adment la qual\u00adi\u00adfi\u00adca\u00adtion aux cham\u00adpi\u00adonnats r\u00e9gionaux.<br>-<strong>Sacha THUAULT<\/strong> \u00e9tait au meet\u00ading Nation\u00adal de Mayenne ce dimanche. Il a r\u00e9al\u00adis\u00e9 7\u201c14 en s\u00e9rie avant de renou\u00advel\u00ader la per\u00adfor\u00admance en finale. Au saut en longueur, Sacha bat son record en retombant \u00e0 6m24.<\/p>\n\n\n\n<p style=\"font-size:14px\">La pr\u00e9\u00adpa\u00adra\u00adtion con\u00adtin\u00adue ! Prochain objec\u00adtif pour bon nom\u00adbre d\u2019ath\u00adl\u00e8tes : les r\u00e9gionaux en salle fin jan\u00advi\u00ader.<\/p>\n","protected":false},"excerpt":{"rendered":"<p>Deux gross\u00ades per\u00adfor\u00admances ont \u00e9t\u00e9 r\u00e9al\u00adis\u00e9es ce week-end avant No\u00ebl par des ath\u00adl\u00e8tes du club :-Ele\u00adna CARREEL a franchi 2m95 au saut \u00e0 la perche ven\u00addre\u00addi soir au meet\u00ading de Mouilleron Le Cap\u00adtif. Cette barre lui assure ais\u00e9\u00adment la qual\u00adi\u00adfi\u00adca\u00adtion aux cham\u00adpi\u00adonnats r\u00e9gionaux.-Sacha THUAULT \u00e9tait au meet\u00ading Nation\u00adal de Mayenne ce dimanche. Il a r\u00e9al\u00adis\u00e9 [\u2026]<\/p>\n","protected":false},"author":1,"featured_media":0,"comment_status":"closed","ping_status":"closed","sticky":false,"template":"","format":"standard","meta":{"wp_typography_post_enhancements_disabled":false,"footnotes":""},"categories":[11],"tags":[],"class_list":["post-1708","post","type-post","status-publish","format-standard","hentry","category-actualite"],"featured_image_src":null,"author_info":{"display_name":"admin","author_link":"http:\/\/www.beaufort-athletisme.fr\/?author=1"},"_links":{"self":[{"href":"http:\/\/www.beaufort-athletisme.fr\/index.php?rest_route=\/wp\/v2\/posts\/1708","targetHints":{"allow":["GET"]}}],"collection":[{"href":"http:\/\/www.beaufort-athletisme.fr\/index.php?rest_route=\/wp\/v2\/posts"}],"about":[{"href":"http:\/\/www.beaufort-athletisme.fr\/index.php?rest_route=\/wp\/v2\/types\/post"}],"author":[{"embeddable":true,"href":"http:\/\/www.beaufort-athletisme.fr\/index.php?rest_route=\/wp\/v2\/users\/1"}],"replies":[{"embeddable":true,"href":"http:\/\/www.beaufort-athletisme.fr\/index.php?rest_route=%2Fwp%2Fv2%2Fcomments&post=1708"}],"version-history":[{"count":1,"href":"http:\/\/www.beaufort-athletisme.fr\/index.php?rest_route=\/wp\/v2\/posts\/1708\/revisions"}],"predecessor-version":[{"id":1709,"href":"http:\/\/www.beaufort-athletisme.fr\/index.php?rest_route=\/wp\/v2\/posts\/1708\/revisions\/1709"}],"wp:attachment":[{"href":"http:\/\/www.beaufort-athletisme.fr\/index.php?rest_route=%2Fwp%2Fv2%2Fmedia&parent=1708"}],"wp:term":[{"taxonomy":"category","embeddable":true,"href":"http:\/\/www.beaufort-athletisme.fr\/index.php?rest_route=%2Fwp%2Fv2%2Fcategories&post=1708"},{"taxonomy":"post_tag","embeddable":true,"href":"http:\/\/www.beaufort-athletisme.fr\/index.php?rest_route=%2Fwp%2Fv2%2Ftags&post=1708"}],"curies":[{"name":"wp","href":"https:\/\/api.w.org\/{rel}","templated":true}]}}