{"id":1710,"date":"2018-12-28T02:15:30","date_gmt":"2018-12-28T01:15:30","guid":{"rendered":"http:\/\/www.beaufort-athletisme.fr\/?p=1710"},"modified":"2018-12-28T02:18:34","modified_gmt":"2018-12-28T01:18:34","slug":"stage-departemental-demi-fond-cross-be-mi-ca-27-12-2018","status":"publish","type":"post","link":"http:\/\/www.beaufort-athletisme.fr\/?p=1710","title":{"rendered":"Stage d\u00e9partemental demi-fond cross BE-MI-CA [27\/12\/2018]"},"content":{"rendered":"\n<p>Ce jeu\u00addi 27 D\u00e9cem\u00adbre 2018, se tenait le tra\u00addi\u00adtion\u00adnel regroupe\u00adment BE\/MI demi-Fond\/ Cross \u00e0 Saint Barth\u00e9l\u00e9my d\u2019An\u00adjou. 3 ath\u00adl\u00e8tes de l\u2019US Beau\u00adfort Ath\u00adl\u00e9tisme \u00e9taient pr\u00e9sents.<\/p>\n\n\n\n<p>Au pro\u00adgramme :&nbsp;<\/p>\n\n\n\n<ul class=\"wp-block-list\"><li>-&gt;le matin: S\u00e9ance sp\u00e9\u00adci\u00adfique Cross par cat\u00e9\u00adgorie durant laque\u00adlle nous en avons prof\u00adit\u00e9 pour faire quelques \u00e9val\u00adu\u00ada\u00adtions Pass\u2019Ath\u00adl\u00e9.<\/li><li>-&gt;L\u2019apr\u00e8s midi: s\u00e9ance ludique via une course aux scores (ori\u00aden\u00adta\u00adtion) dans le parc de Pignerolles. Sur plus d\u2019une heure de course, les ath\u00adl\u00e8tes devaient retrou\u00adver un max\u00adi\u00admum de balis\u00ades et les faire valid\u00ader.<\/li><\/ul>\n\n\n\n<p>Quelques pho\u00adtos de ce stage sont disponibles sur le Face\u00adbook du Comit\u00e9 49 d\u2019ath\u00adl\u00e9tisme :&nbsp;<a href=\"https:\/\/www.facebook.com\/ComiteFFAthletisme49\/?epa=SEARCH_BOX\">https:\/\/www.facebook.com\/ComiteFFAthletisme49\/?epa=SEARCH_BOX<\/a><\/p>\n\n\n\n<p>Mer\u00adci aux par\u00adents qui ont assur\u00e9 le d\u00e9place\u00adment !<\/p>\n\n\n\n<p>Prochain ren\u00addez-vous : le cross d\u00e9parte\u00admen\u00adtal \u00e0 Ver\u00adrie, le <strong>dimanche 13 jan\u00advi\u00ader 2019<\/strong>.<\/p>\n","protected":false},"excerpt":{"rendered":"<p>Ce jeu\u00addi 27 D\u00e9cem\u00adbre 2018, se tenait le tra\u00addi\u00adtion\u00adnel regroupe\u00adment BE\/MI demi-Fond\/ Cross \u00e0 Saint Barth\u00e9l\u00e9my d\u2019An\u00adjou. 3 ath\u00adl\u00e8tes de l\u2019US Beau\u00adfort Ath\u00adl\u00e9tisme \u00e9taient pr\u00e9sents. Au pro\u00adgramme :&nbsp; -&gt;le matin: S\u00e9ance sp\u00e9\u00adci\u00adfique Cross par cat\u00e9\u00adgorie durant laque\u00adlle nous en avons prof\u00adit\u00e9 pour faire quelques \u00e9val\u00adu\u00ada\u00adtions Pass\u2019Ath\u00adl\u00e9. -&gt;L\u2019apr\u00e8s midi: s\u00e9ance ludique via une course aux scores [\u2026]<\/p>\n","protected":false},"author":1,"featured_media":0,"comment_status":"closed","ping_status":"closed","sticky":false,"template":"","format":"standard","meta":{"wp_typography_post_enhancements_disabled":false,"footnotes":""},"categories":[11],"tags":[],"class_list":["post-1710","post","type-post","status-publish","format-standard","hentry","category-actualite"],"featured_image_src":null,"author_info":{"display_name":"admin","author_link":"http:\/\/www.beaufort-athletisme.fr\/?author=1"},"_links":{"self":[{"href":"http:\/\/www.beaufort-athletisme.fr\/index.php?rest_route=\/wp\/v2\/posts\/1710","targetHints":{"allow":["GET"]}}],"collection":[{"href":"http:\/\/www.beaufort-athletisme.fr\/index.php?rest_route=\/wp\/v2\/posts"}],"about":[{"href":"http:\/\/www.beaufort-athletisme.fr\/index.php?rest_route=\/wp\/v2\/types\/post"}],"author":[{"embeddable":true,"href":"http:\/\/www.beaufort-athletisme.fr\/index.php?rest_route=\/wp\/v2\/users\/1"}],"replies":[{"embeddable":true,"href":"http:\/\/www.beaufort-athletisme.fr\/index.php?rest_route=%2Fwp%2Fv2%2Fcomments&post=1710"}],"version-history":[{"count":4,"href":"http:\/\/www.beaufort-athletisme.fr\/index.php?rest_route=\/wp\/v2\/posts\/1710\/revisions"}],"predecessor-version":[{"id":1714,"href":"http:\/\/www.beaufort-athletisme.fr\/index.php?rest_route=\/wp\/v2\/posts\/1710\/revisions\/1714"}],"wp:attachment":[{"href":"http:\/\/www.beaufort-athletisme.fr\/index.php?rest_route=%2Fwp%2Fv2%2Fmedia&parent=1710"}],"wp:term":[{"taxonomy":"category","embeddable":true,"href":"http:\/\/www.beaufort-athletisme.fr\/index.php?rest_route=%2Fwp%2Fv2%2Fcategories&post=1710"},{"taxonomy":"post_tag","embeddable":true,"href":"http:\/\/www.beaufort-athletisme.fr\/index.php?rest_route=%2Fwp%2Fv2%2Ftags&post=1710"}],"curies":[{"name":"wp","href":"https:\/\/api.w.org\/{rel}","templated":true}]}}