{"id":6058,"date":"2025-02-02T11:21:21","date_gmt":"2025-02-02T10:21:21","guid":{"rendered":"https:\/\/www.beaufort-athletisme.fr\/?p=6058"},"modified":"2025-02-03T13:25:39","modified_gmt":"2025-02-03T12:25:39","slug":"pre-france-en-salle-2","status":"publish","type":"post","link":"http:\/\/www.beaufort-athletisme.fr\/?p=6058","title":{"rendered":"Pr\u00e9-France en salle"},"content":{"rendered":"\n<p>3 ath\u00adl\u00e8tes ont par\u00adticip\u00e9 ce week-end aux pr\u00e9-France en salle au sta\u00addi\u00adum Pierre Quinon de Nantes qui se sont tenus le same\u00addi 1er et le dimanche 2 f\u00e9vri\u00ader 2025 :<\/p>\n\n\n\n<p>-<strong>Alban LEBOUTEILLER<\/strong> prend une belle 3e place achevant ain\u00adsi une belle sai\u00adson en salle en exp\u00e9\u00addi\u00adant son poids \u00e0 11m54.<\/p>\n\n\n\n<p>-<strong>Eliot DAUL<\/strong> prend la 12e place sur 17 chez les cadets avec un chrono de 55\u201c38, une belle r\u00e9gu\u00adlar\u00adit\u00e9 mais loin de ses esp\u00e9rances.<\/p>\n\n\n\n<p>-<strong>L\u00e9o DUPONT<\/strong> am\u00e9liore sa meilleure per\u00adfor\u00admance de la sai\u00adson pour la porter \u00e0 4m66 au saut \u00e0 la perche et prend ain\u00adsi la 2e place de ces pr\u00e9-France. De bons r\u00e9glages qui vont lui per\u00adme\u00adt\u00adtre d\u2019ar\u00adriv\u00ader dans de bonnes con\u00addi\u00adtions sur les cham\u00adpi\u00adonnats de France qui se d\u00e9rouleront \u00e0 Li\u00e9vin le 15 et 16 f\u00e9vri\u00ader.<\/p>\n\n\n\n<p><a href=\"https:\/\/bases.athle.fr\/asp.net\/liste.aspx?frmbase=resultats&amp;frmmode=1&amp;frmespace=0&amp;frmcompetition=299242\" target=\"_blank\" rel=\"noreferrer noopener\">Tous les r\u00e9sul\u00adtats des pr\u00e9-France \u00e0 Nantes<\/a><\/p>\n","protected":false},"excerpt":{"rendered":"<p>3 ath\u00adl\u00e8tes ont par\u00adticip\u00e9 ce week-end aux pr\u00e9-France en salle au sta\u00addi\u00adum Pierre Quinon de Nantes qui se sont tenus le same\u00addi 1er et le dimanche 2 f\u00e9vri\u00ader 2025 : \u2011Alban LEBOUTEILLER prend une belle 3e place achevant ain\u00adsi une belle sai\u00adson en salle en exp\u00e9\u00addi\u00adant son poids \u00e0 11m54. \u2011Eliot DAUL prend la 12e [\u2026]<\/p>\n","protected":false},"author":1,"featured_media":0,"comment_status":"closed","ping_status":"closed","sticky":false,"template":"","format":"standard","meta":{"wp_typography_post_enhancements_disabled":false,"footnotes":""},"categories":[11],"tags":[],"class_list":["post-6058","post","type-post","status-publish","format-standard","hentry","category-actualite"],"featured_image_src":null,"author_info":{"display_name":"admin","author_link":"http:\/\/www.beaufort-athletisme.fr\/?author=1"},"_links":{"self":[{"href":"http:\/\/www.beaufort-athletisme.fr\/index.php?rest_route=\/wp\/v2\/posts\/6058","targetHints":{"allow":["GET"]}}],"collection":[{"href":"http:\/\/www.beaufort-athletisme.fr\/index.php?rest_route=\/wp\/v2\/posts"}],"about":[{"href":"http:\/\/www.beaufort-athletisme.fr\/index.php?rest_route=\/wp\/v2\/types\/post"}],"author":[{"embeddable":true,"href":"http:\/\/www.beaufort-athletisme.fr\/index.php?rest_route=\/wp\/v2\/users\/1"}],"replies":[{"embeddable":true,"href":"http:\/\/www.beaufort-athletisme.fr\/index.php?rest_route=%2Fwp%2Fv2%2Fcomments&post=6058"}],"version-history":[{"count":3,"href":"http:\/\/www.beaufort-athletisme.fr\/index.php?rest_route=\/wp\/v2\/posts\/6058\/revisions"}],"predecessor-version":[{"id":6064,"href":"http:\/\/www.beaufort-athletisme.fr\/index.php?rest_route=\/wp\/v2\/posts\/6058\/revisions\/6064"}],"wp:attachment":[{"href":"http:\/\/www.beaufort-athletisme.fr\/index.php?rest_route=%2Fwp%2Fv2%2Fmedia&parent=6058"}],"wp:term":[{"taxonomy":"category","embeddable":true,"href":"http:\/\/www.beaufort-athletisme.fr\/index.php?rest_route=%2Fwp%2Fv2%2Fcategories&post=6058"},{"taxonomy":"post_tag","embeddable":true,"href":"http:\/\/www.beaufort-athletisme.fr\/index.php?rest_route=%2Fwp%2Fv2%2Ftags&post=6058"}],"curies":[{"name":"wp","href":"https:\/\/api.w.org\/{rel}","templated":true}]}}