{"id":6065,"date":"2025-02-09T23:44:14","date_gmt":"2025-02-09T22:44:14","guid":{"rendered":"https:\/\/www.beaufort-athletisme.fr\/?p=6065"},"modified":"2025-02-10T16:46:47","modified_gmt":"2025-02-10T15:46:47","slug":"toujours-plus-fou","status":"publish","type":"post","link":"http:\/\/www.beaufort-athletisme.fr\/?p=6065","title":{"rendered":"Toujours plus fou"},"content":{"rendered":"\n<p>De la folie, il en faut (beau\u00adcoup) pour met\u00adtre en place une com\u00adp\u00e9ti\u00adtion en salle par \u00e9quipes en cette p\u00e9ri\u00adode : nom\u00adbreux d\u00e9parts en vacances d\u2019hiv\u00ader, un cer\u00adtain nom\u00adbre d\u2019ath\u00adl\u00e8tes malades et d\u2019autres en pr\u00e9\u00adpa\u00adra\u00adtion d\u2019\u00e9ch\u00e9ances impor\u00adtantes ou en com\u00adp\u00e9ti\u00adtion.<\/p>\n\n\n\n<p>Heureuse\u00adment, plein de bonnes sur\u00adpris\u00ades ont mon\u00adtr\u00e9 que nous nous \u00e9tions pas tromp\u00e9 \u00e0 per\u00adp\u00e9tuer la tra\u00addi\u00adtion d\u2019or\u00adgan\u00adis\u00ader ce kid\u2019s ath\u00adl\u00e9 hiver\u00adnal : la pr\u00e9sence d\u2019un jury intraitable, con\u00adscien\u00adcieux et p\u00e9d\u00ada\u00adgogue, celle \u00e9gale\u00adment d\u2019un pub\u00adlic chaleureux et ent\u00adhou\u00adsi\u00adaste et enfin la con\u00adsti\u00adtu\u00adtion d\u2019\u00e9quipes \u00e9quili\u00adbr\u00e9es aux qual\u00adit\u00e9s mul\u00adti\u00adples qui a per\u00admis de main\u00adtenir un sus\u00adpense hale\u00adtant tout au long de la ren\u00adcon\u00adtre.<\/p>\n\n\n\n<p>Pas\u00adsage en revue des 8 + 1 travaux que \u2018les oranges\u2019, \u2018les jaunes\u2019, \u2018les rouges\u2019 et \u2018les verts\u2019 ont endur\u00e9 sur cet apr\u00e8s-midi :<\/p>\n\n\n\n<figure class=\"wp-block-gallery has-nested-images columns-default is-cropped wp-block-gallery-1 is-layout-flex wp-block-gallery-is-layout-flex\">\n<figure class=\"wp-block-image size-large\"><a href=\"https:\/\/www.beaufort-athletisme.fr\/wp-content\/uploads\/2025\/02\/kids202510.jpg\"><img loading=\"lazy\" decoding=\"async\" width=\"768\" height=\"1024\" data-id=\"6071\" src=\"https:\/\/www.beaufort-athletisme.fr\/wp-content\/uploads\/2025\/02\/kids202510-768x1024.jpg\" alt class=\"wp-image-6071\" srcset=\"http:\/\/www.beaufort-athletisme.fr\/wp-content\/uploads\/2025\/02\/kids202510-768x1024.jpg 768w, http:\/\/www.beaufort-athletisme.fr\/wp-content\/uploads\/2025\/02\/kids202510-225x300.jpg 225w, http:\/\/www.beaufort-athletisme.fr\/wp-content\/uploads\/2025\/02\/kids202510-1152x1536.jpg 1152w, http:\/\/www.beaufort-athletisme.fr\/wp-content\/uploads\/2025\/02\/kids202510-900x1200.jpg 900w, http:\/\/www.beaufort-athletisme.fr\/wp-content\/uploads\/2025\/02\/kids202510-1280x1707.jpg 1280w, http:\/\/www.beaufort-athletisme.fr\/wp-content\/uploads\/2025\/02\/kids202510.jpg 1530w\" sizes=\"auto, (max-width: 768px) 100vw, 768px\"><\/a><\/figure>\n\n\n\n<figure class=\"wp-block-image size-large\"><a href=\"https:\/\/www.beaufort-athletisme.fr\/wp-content\/uploads\/2025\/02\/kids20259.jpg\"><img loading=\"lazy\" decoding=\"async\" width=\"768\" height=\"1024\" data-id=\"6072\" src=\"https:\/\/www.beaufort-athletisme.fr\/wp-content\/uploads\/2025\/02\/kids20259-768x1024.jpg\" alt class=\"wp-image-6072\" srcset=\"http:\/\/www.beaufort-athletisme.fr\/wp-content\/uploads\/2025\/02\/kids20259-768x1024.jpg 768w, http:\/\/www.beaufort-athletisme.fr\/wp-content\/uploads\/2025\/02\/kids20259-225x300.jpg 225w, http:\/\/www.beaufort-athletisme.fr\/wp-content\/uploads\/2025\/02\/kids20259-1152x1536.jpg 1152w, http:\/\/www.beaufort-athletisme.fr\/wp-content\/uploads\/2025\/02\/kids20259-900x1200.jpg 900w, http:\/\/www.beaufort-athletisme.fr\/wp-content\/uploads\/2025\/02\/kids20259-1280x1707.jpg 1280w, http:\/\/www.beaufort-athletisme.fr\/wp-content\/uploads\/2025\/02\/kids20259.jpg 1530w\" sizes=\"auto, (max-width: 768px) 100vw, 768px\"><\/a><\/figure>\n<\/figure>\n\n\n\n<p>Ci-dessus, le \u2018Mem\u00ado\u00adry\u2019, un relais par \u00e9quipe o\u00f9 le moin\u00addre rebond peut faire per\u00addre un temps pr\u00e9\u00adcieux \u00e0 l\u2019\u00e9quipe. Le jeu est sim\u00adple, il suf\u00adfit de ral\u00adli\u00ader le cerceau n\u00b01 au n\u00b010 dans l\u2019or\u00addre en se d\u00e9pla\u00e7ant en bondisse\u00adments pieds joints et l\u2019ath\u00adl\u00e8te suiv\u00adant s\u2019\u00e9lance apr\u00e8s que l\u2019ath\u00adl\u00e8te ait atteint le dix\u00adi\u00e8me cerceau. Le chrono s\u2019ar\u00adr\u00eate lorsque l\u2019ensem\u00adble des joueurs a effec\u00adtu\u00e9 le par\u00adcours. Il fal\u00adlait garder un cer\u00adtain sang froid pour encha\u00een\u00ader les sauts avec agilit\u00e9, dans un par\u00adcours qui n\u2019\u00e9\u00adtait \u00e9videm\u00adment pas lin\u00e9aire !<\/p>\n\n\n\n<figure class=\"wp-block-gallery has-nested-images columns-default is-cropped wp-block-gallery-2 is-layout-flex wp-block-gallery-is-layout-flex\">\n<figure class=\"wp-block-image size-large\"><a href=\"https:\/\/www.beaufort-athletisme.fr\/wp-content\/uploads\/2025\/02\/kids202514.jpg\"><img loading=\"lazy\" decoding=\"async\" width=\"768\" height=\"1024\" data-id=\"6073\" src=\"https:\/\/www.beaufort-athletisme.fr\/wp-content\/uploads\/2025\/02\/kids202514-768x1024.jpg\" alt class=\"wp-image-6073\" srcset=\"http:\/\/www.beaufort-athletisme.fr\/wp-content\/uploads\/2025\/02\/kids202514-768x1024.jpg 768w, http:\/\/www.beaufort-athletisme.fr\/wp-content\/uploads\/2025\/02\/kids202514-225x300.jpg 225w, http:\/\/www.beaufort-athletisme.fr\/wp-content\/uploads\/2025\/02\/kids202514-1152x1536.jpg 1152w, http:\/\/www.beaufort-athletisme.fr\/wp-content\/uploads\/2025\/02\/kids202514-900x1200.jpg 900w, http:\/\/www.beaufort-athletisme.fr\/wp-content\/uploads\/2025\/02\/kids202514-1280x1707.jpg 1280w, http:\/\/www.beaufort-athletisme.fr\/wp-content\/uploads\/2025\/02\/kids202514.jpg 1530w\" sizes=\"auto, (max-width: 768px) 100vw, 768px\"><\/a><\/figure>\n\n\n\n<figure class=\"wp-block-image size-large\"><a href=\"https:\/\/www.beaufort-athletisme.fr\/wp-content\/uploads\/2025\/02\/kids202512.jpg\"><img loading=\"lazy\" decoding=\"async\" width=\"768\" height=\"1024\" data-id=\"6074\" src=\"https:\/\/www.beaufort-athletisme.fr\/wp-content\/uploads\/2025\/02\/kids202512-768x1024.jpg\" alt class=\"wp-image-6074\" srcset=\"http:\/\/www.beaufort-athletisme.fr\/wp-content\/uploads\/2025\/02\/kids202512-768x1024.jpg 768w, http:\/\/www.beaufort-athletisme.fr\/wp-content\/uploads\/2025\/02\/kids202512-225x300.jpg 225w, http:\/\/www.beaufort-athletisme.fr\/wp-content\/uploads\/2025\/02\/kids202512-1152x1536.jpg 1152w, http:\/\/www.beaufort-athletisme.fr\/wp-content\/uploads\/2025\/02\/kids202512-900x1200.jpg 900w, http:\/\/www.beaufort-athletisme.fr\/wp-content\/uploads\/2025\/02\/kids202512.jpg 1224w\" sizes=\"auto, (max-width: 768px) 100vw, 768px\"><\/a><\/figure>\n<\/figure>\n\n\n\n<p>Cette nou\u00advelle \u00e9preuve nom\u00adm\u00e9e \u2018l\u2019en\u00advol\u2019 a offert un beau spec\u00adta\u00adcle o\u00f9 le but con\u00adsis\u00adtait \u00e0 effectuer du saut \u00e0 la perche en longueur ! Nous n\u2019avions jamais plac\u00e9 aus\u00adsi haut le curseur de la tech\u00adnic\u00adit\u00e9 : se d\u00e9plac\u00ader en ayant \u00e0 bout de bras un lourd b\u00e2ton, le plac\u00ader dans un cerceau, d\u00e9clencher une impul\u00adsion du bon pied, en pas\u00adsant du bon c\u00f4t\u00e9 de la perche, puis pouss\u00ader sur la perche pour se pro\u00adjeter aus\u00adsi loin que pos\u00adsi\u00adble\u2026 chaque erreur pou\u00advait douch\u00ader les espoirs de s\u2019en\u00adv\u00adol\u00ader. Bien con\u00adseil\u00adl\u00e9s, les ath\u00adl\u00e8tes ont en grande majorit\u00e9 r\u00e9us\u00adsi a d\u00e9jou\u00e9 la grav\u00adit\u00e9 pour mar\u00adquer un max\u00adi\u00admum de points.<\/p>\n\n\n\n<figure class=\"wp-block-gallery has-nested-images columns-default is-cropped wp-block-gallery-3 is-layout-flex wp-block-gallery-is-layout-flex\">\n<figure class=\"wp-block-image size-large\"><a href=\"https:\/\/www.beaufort-athletisme.fr\/wp-content\/uploads\/2025\/02\/kids202515.jpg\"><img loading=\"lazy\" decoding=\"async\" width=\"768\" height=\"1024\" data-id=\"6075\" src=\"https:\/\/www.beaufort-athletisme.fr\/wp-content\/uploads\/2025\/02\/kids202515-768x1024.jpg\" alt class=\"wp-image-6075\" srcset=\"http:\/\/www.beaufort-athletisme.fr\/wp-content\/uploads\/2025\/02\/kids202515-768x1024.jpg 768w, http:\/\/www.beaufort-athletisme.fr\/wp-content\/uploads\/2025\/02\/kids202515-225x300.jpg 225w, http:\/\/www.beaufort-athletisme.fr\/wp-content\/uploads\/2025\/02\/kids202515-1152x1536.jpg 1152w, http:\/\/www.beaufort-athletisme.fr\/wp-content\/uploads\/2025\/02\/kids202515-900x1200.jpg 900w, http:\/\/www.beaufort-athletisme.fr\/wp-content\/uploads\/2025\/02\/kids202515-1280x1707.jpg 1280w, http:\/\/www.beaufort-athletisme.fr\/wp-content\/uploads\/2025\/02\/kids202515.jpg 1530w\" sizes=\"auto, (max-width: 768px) 100vw, 768px\"><\/a><\/figure>\n<\/figure>\n\n\n\n<p>Il fal\u00adlait garder quelques clas\u00adsiques et que serait le kid\u2019s ath\u00adl\u00e9 sans son \u2018saut de grenouille par \u00e9quipe\u2019 ! Pleine d\u2019ex\u00adplo\u00adsiv\u00adit\u00e9, cette dis\u00adci\u00adpline n\u00e9ces\u00adsite une grande con\u00adcen\u00adtra\u00adtion et la canal\u00adi\u00adsa\u00adtion de toute son \u00e9nergie sur un seul saut en longueur \u00e0 pieds joints. Les con\u00adseils tech\u00adniques sont nom\u00adbreux pour r\u00e9us\u00adsir le saut par\u00adfait et attein\u00addre le n\u00e9nuphar id\u00e9ale\u00adment le plus \u00e9loign\u00e9 pos\u00adsi\u00adble : entre autres, souf\u00adfler pour se lib\u00e9r\u00ader de l\u2019en\u00adjeu, utilis\u00ader ses bras et fl\u00e9chir les genoux tout en gar\u00addant le dos droit.<\/p>\n\n\n\n<figure class=\"wp-block-gallery has-nested-images columns-2 is-cropped wp-block-gallery-4 is-layout-flex wp-block-gallery-is-layout-flex\">\n<figure class=\"wp-block-image size-large\"><a href=\"https:\/\/www.beaufort-athletisme.fr\/wp-content\/uploads\/2025\/02\/kids202517.jpg\"><img loading=\"lazy\" decoding=\"async\" width=\"1024\" height=\"768\" data-id=\"6076\" src=\"https:\/\/www.beaufort-athletisme.fr\/wp-content\/uploads\/2025\/02\/kids202517-1024x768.jpg\" alt class=\"wp-image-6076\" srcset=\"http:\/\/www.beaufort-athletisme.fr\/wp-content\/uploads\/2025\/02\/kids202517-1024x768.jpg 1024w, http:\/\/www.beaufort-athletisme.fr\/wp-content\/uploads\/2025\/02\/kids202517-300x225.jpg 300w, http:\/\/www.beaufort-athletisme.fr\/wp-content\/uploads\/2025\/02\/kids202517-768x576.jpg 768w, http:\/\/www.beaufort-athletisme.fr\/wp-content\/uploads\/2025\/02\/kids202517-1536x1152.jpg 1536w, http:\/\/www.beaufort-athletisme.fr\/wp-content\/uploads\/2025\/02\/kids202517-900x675.jpg 900w, http:\/\/www.beaufort-athletisme.fr\/wp-content\/uploads\/2025\/02\/kids202517-1280x960.jpg 1280w, http:\/\/www.beaufort-athletisme.fr\/wp-content\/uploads\/2025\/02\/kids202517.jpg 2040w\" sizes=\"auto, (max-width: 1024px) 100vw, 1024px\"><\/a><\/figure>\n\n\n\n<figure class=\"wp-block-image size-large\"><a href=\"https:\/\/www.beaufort-athletisme.fr\/wp-content\/uploads\/2025\/02\/kids202516.jpg\"><img loading=\"lazy\" decoding=\"async\" width=\"1024\" height=\"768\" data-id=\"6077\" src=\"https:\/\/www.beaufort-athletisme.fr\/wp-content\/uploads\/2025\/02\/kids202516-1024x768.jpg\" alt class=\"wp-image-6077\" srcset=\"http:\/\/www.beaufort-athletisme.fr\/wp-content\/uploads\/2025\/02\/kids202516-1024x768.jpg 1024w, http:\/\/www.beaufort-athletisme.fr\/wp-content\/uploads\/2025\/02\/kids202516-300x225.jpg 300w, http:\/\/www.beaufort-athletisme.fr\/wp-content\/uploads\/2025\/02\/kids202516-768x576.jpg 768w, http:\/\/www.beaufort-athletisme.fr\/wp-content\/uploads\/2025\/02\/kids202516-1536x1152.jpg 1536w, http:\/\/www.beaufort-athletisme.fr\/wp-content\/uploads\/2025\/02\/kids202516-900x675.jpg 900w, http:\/\/www.beaufort-athletisme.fr\/wp-content\/uploads\/2025\/02\/kids202516-1280x960.jpg 1280w, http:\/\/www.beaufort-athletisme.fr\/wp-content\/uploads\/2025\/02\/kids202516.jpg 1632w\" sizes=\"auto, (max-width: 1024px) 100vw, 1024px\"><\/a><\/figure>\n\n\n\n<figure class=\"wp-block-image size-large\"><a href=\"https:\/\/www.beaufort-athletisme.fr\/wp-content\/uploads\/2025\/02\/kids202513.jpg\"><img loading=\"lazy\" decoding=\"async\" width=\"768\" height=\"1024\" data-id=\"6078\" src=\"https:\/\/www.beaufort-athletisme.fr\/wp-content\/uploads\/2025\/02\/kids202513-768x1024.jpg\" alt class=\"wp-image-6078\" srcset=\"http:\/\/www.beaufort-athletisme.fr\/wp-content\/uploads\/2025\/02\/kids202513-768x1024.jpg 768w, http:\/\/www.beaufort-athletisme.fr\/wp-content\/uploads\/2025\/02\/kids202513-225x300.jpg 225w, http:\/\/www.beaufort-athletisme.fr\/wp-content\/uploads\/2025\/02\/kids202513-1152x1536.jpg 1152w, http:\/\/www.beaufort-athletisme.fr\/wp-content\/uploads\/2025\/02\/kids202513-900x1200.jpg 900w, http:\/\/www.beaufort-athletisme.fr\/wp-content\/uploads\/2025\/02\/kids202513-1280x1707.jpg 1280w, http:\/\/www.beaufort-athletisme.fr\/wp-content\/uploads\/2025\/02\/kids202513.jpg 1530w\" sizes=\"auto, (max-width: 768px) 100vw, 768px\"><\/a><\/figure>\n\n\n\n<figure class=\"wp-block-image size-large\"><a href=\"https:\/\/www.beaufort-athletisme.fr\/wp-content\/uploads\/2025\/02\/kids202511.jpg\"><img loading=\"lazy\" decoding=\"async\" width=\"768\" height=\"1024\" data-id=\"6079\" src=\"https:\/\/www.beaufort-athletisme.fr\/wp-content\/uploads\/2025\/02\/kids202511-768x1024.jpg\" alt class=\"wp-image-6079\" srcset=\"http:\/\/www.beaufort-athletisme.fr\/wp-content\/uploads\/2025\/02\/kids202511-768x1024.jpg 768w, http:\/\/www.beaufort-athletisme.fr\/wp-content\/uploads\/2025\/02\/kids202511-225x300.jpg 225w, http:\/\/www.beaufort-athletisme.fr\/wp-content\/uploads\/2025\/02\/kids202511-1152x1536.jpg 1152w, http:\/\/www.beaufort-athletisme.fr\/wp-content\/uploads\/2025\/02\/kids202511-900x1200.jpg 900w, http:\/\/www.beaufort-athletisme.fr\/wp-content\/uploads\/2025\/02\/kids202511.jpg 1224w\" sizes=\"auto, (max-width: 768px) 100vw, 768px\"><\/a><\/figure>\n<\/figure>\n\n\n\n<p>Les lancers ont eu le droit \u00e0 deux \u00e9preuves dont les r\u00e9sul\u00adtats pou\u00advaient \u00eatre diam\u00e9\u00adtrale\u00adment oppos\u00e9s : le lancer de vor\u00adtex de pr\u00e9\u00adci\u00adsion et le lancer de m\u00e9decine-ball arri\u00e8re. Le pre\u00admier a favoris\u00e9 les plus habiles, dont la tech\u00adnique \u00e9tait aboutie lorsque le deux\u00adi\u00e8me a favoris\u00e9 les plus explosifs et les plus t\u00e9m\u00e9raires. Loin d\u2019\u00eatre facile, pro\u00adjeter un engin sans con\u00adna\u00eetre sa tra\u00adjec\u00adtoire dans son dos n\u00e9ces\u00adsite une bonne dose de con\u00adfi\u00adance qui s\u2019ac\u00adqui\u00e8re avec l\u2019ex\u00adp\u00e9ri\u00adence.<\/p>\n\n\n\n<p>Une \u00e9preuve de corde \u00e0 sauter sur 30 sec\u00adon\u00addes a fait tra\u00advailler les cuiss\u00ades et la coor\u00addi\u00adna\u00adtion de tous les par\u00adtic\u00adi\u00adpants. De 5 \u00e0 95 sauts, les per\u00adfor\u00admances ont \u00e9t\u00e9 tr\u00e8s var\u00adi\u00e9es; ce qui mon\u00adtre com\u00adbi\u00aden cet exer\u00adci\u00adce d\u2019ap\u00adparence sim\u00adple peut don\u00adner des r\u00e9sul\u00adtats tr\u00e8s divers en fonc\u00adtion de l\u2019ex\u00adp\u00e9ri\u00adence et donne bien sou\u00advent des indices sur les points \u00e0 am\u00e9lior\u00ader : coor\u00addi\u00adna\u00adtion bras\/jambes, car\u00addio, util\u00adi\u00adsa\u00adtion du pied, ges\u00adtion de l\u2019ef\u00adfort\u2026<\/p>\n\n\n\n<p>Enfin, deux \u00e9preuves de course \u00e9taient \u00e9gale\u00adment au pro\u00adgramme : un relais F1 avec de mul\u00adti\u00adples obsta\u00adcles et exi\u00adgences tech\u00adniques (roulade avant, bondisse\u00adments, mon\u00adt\u00e9es de genoux, slalom, haies\u2026) et une course indi\u00advidu\u00adelle de 20m en arri\u00e8re suiv\u00adis de 20m en avant !<\/p>\n\n\n\n<p>Sans compter l\u2019ul\u00adtime \u2018relais d\u2019am\u00adbiance\u2019 qui a oppos\u00e9 les qua\u00adtre \u00e9quipes du jour sur un par\u00adcours final util\u00adisant l\u2019en\u00adti\u00e8ret\u00e9 de la salle et reprenant quelques uns des exer\u00adci\u00adces r\u00e9al\u00adis\u00e9s dans l\u2019apr\u00e8s-midi : roulade avant, slalom, bondisse\u00adments \u00e0 pieds joints, lancer de pr\u00e9\u00adci\u00adsion !<\/p>\n\n\n\n<figure class=\"wp-block-gallery has-nested-images columns-default is-cropped wp-block-gallery-5 is-layout-flex wp-block-gallery-is-layout-flex\">\n<figure class=\"wp-block-image size-large\"><a href=\"https:\/\/www.beaufort-athletisme.fr\/wp-content\/uploads\/2025\/02\/kids20258.jpg\"><img loading=\"lazy\" decoding=\"async\" width=\"1024\" height=\"768\" data-id=\"6080\" src=\"https:\/\/www.beaufort-athletisme.fr\/wp-content\/uploads\/2025\/02\/kids20258-1024x768.jpg\" alt class=\"wp-image-6080\" srcset=\"http:\/\/www.beaufort-athletisme.fr\/wp-content\/uploads\/2025\/02\/kids20258-1024x768.jpg 1024w, http:\/\/www.beaufort-athletisme.fr\/wp-content\/uploads\/2025\/02\/kids20258-300x225.jpg 300w, http:\/\/www.beaufort-athletisme.fr\/wp-content\/uploads\/2025\/02\/kids20258-768x576.jpg 768w, http:\/\/www.beaufort-athletisme.fr\/wp-content\/uploads\/2025\/02\/kids20258-1536x1152.jpg 1536w, http:\/\/www.beaufort-athletisme.fr\/wp-content\/uploads\/2025\/02\/kids20258-900x675.jpg 900w, http:\/\/www.beaufort-athletisme.fr\/wp-content\/uploads\/2025\/02\/kids20258-1280x960.jpg 1280w, http:\/\/www.beaufort-athletisme.fr\/wp-content\/uploads\/2025\/02\/kids20258.jpg 2040w\" sizes=\"auto, (max-width: 1024px) 100vw, 1024px\"><\/a><\/figure>\n\n\n\n<figure class=\"wp-block-image size-large\"><a href=\"https:\/\/www.beaufort-athletisme.fr\/wp-content\/uploads\/2025\/02\/kids20257.jpg\"><img loading=\"lazy\" decoding=\"async\" width=\"1024\" height=\"768\" data-id=\"6081\" src=\"https:\/\/www.beaufort-athletisme.fr\/wp-content\/uploads\/2025\/02\/kids20257-1024x768.jpg\" alt class=\"wp-image-6081\" srcset=\"http:\/\/www.beaufort-athletisme.fr\/wp-content\/uploads\/2025\/02\/kids20257-1024x768.jpg 1024w, http:\/\/www.beaufort-athletisme.fr\/wp-content\/uploads\/2025\/02\/kids20257-300x225.jpg 300w, http:\/\/www.beaufort-athletisme.fr\/wp-content\/uploads\/2025\/02\/kids20257-768x576.jpg 768w, http:\/\/www.beaufort-athletisme.fr\/wp-content\/uploads\/2025\/02\/kids20257-1536x1152.jpg 1536w, http:\/\/www.beaufort-athletisme.fr\/wp-content\/uploads\/2025\/02\/kids20257-900x675.jpg 900w, http:\/\/www.beaufort-athletisme.fr\/wp-content\/uploads\/2025\/02\/kids20257-1280x960.jpg 1280w, http:\/\/www.beaufort-athletisme.fr\/wp-content\/uploads\/2025\/02\/kids20257.jpg 2040w\" sizes=\"auto, (max-width: 1024px) 100vw, 1024px\"><\/a><\/figure>\n\n\n\n<figure class=\"wp-block-image size-large\"><a href=\"https:\/\/www.beaufort-athletisme.fr\/wp-content\/uploads\/2025\/02\/kids20256.jpg\"><img loading=\"lazy\" decoding=\"async\" width=\"1024\" height=\"768\" data-id=\"6082\" src=\"https:\/\/www.beaufort-athletisme.fr\/wp-content\/uploads\/2025\/02\/kids20256-1024x768.jpg\" alt class=\"wp-image-6082\" srcset=\"http:\/\/www.beaufort-athletisme.fr\/wp-content\/uploads\/2025\/02\/kids20256-1024x768.jpg 1024w, http:\/\/www.beaufort-athletisme.fr\/wp-content\/uploads\/2025\/02\/kids20256-300x225.jpg 300w, http:\/\/www.beaufort-athletisme.fr\/wp-content\/uploads\/2025\/02\/kids20256-768x576.jpg 768w, http:\/\/www.beaufort-athletisme.fr\/wp-content\/uploads\/2025\/02\/kids20256-1536x1152.jpg 1536w, http:\/\/www.beaufort-athletisme.fr\/wp-content\/uploads\/2025\/02\/kids20256-900x675.jpg 900w, http:\/\/www.beaufort-athletisme.fr\/wp-content\/uploads\/2025\/02\/kids20256-1280x960.jpg 1280w, http:\/\/www.beaufort-athletisme.fr\/wp-content\/uploads\/2025\/02\/kids20256.jpg 2040w\" sizes=\"auto, (max-width: 1024px) 100vw, 1024px\"><\/a><\/figure>\n<\/figure>\n\n\n\n<p>Quelle \u00e9quipe des oranges, des jaunes, des rouges ou des verts est finale\u00adment par\u00adv\u00adenue \u00e0 r\u00e9cup\u00e9r\u00ader cette coupe de ce kids ath\u00adl\u00e9 2025 ? La r\u00e9ponse en images :<\/p>\n\n\n\n<figure class=\"wp-block-gallery has-nested-images columns-default is-cropped wp-block-gallery-6 is-layout-flex wp-block-gallery-is-layout-flex\">\n<figure class=\"wp-block-image size-large\"><a href=\"https:\/\/www.beaufort-athletisme.fr\/wp-content\/uploads\/2025\/02\/kids20255.jpg\"><img loading=\"lazy\" decoding=\"async\" width=\"1024\" height=\"768\" data-id=\"6066\" src=\"https:\/\/www.beaufort-athletisme.fr\/wp-content\/uploads\/2025\/02\/kids20255-1024x768.jpg\" alt class=\"wp-image-6066\" srcset=\"http:\/\/www.beaufort-athletisme.fr\/wp-content\/uploads\/2025\/02\/kids20255-1024x768.jpg 1024w, http:\/\/www.beaufort-athletisme.fr\/wp-content\/uploads\/2025\/02\/kids20255-300x225.jpg 300w, http:\/\/www.beaufort-athletisme.fr\/wp-content\/uploads\/2025\/02\/kids20255-768x576.jpg 768w, http:\/\/www.beaufort-athletisme.fr\/wp-content\/uploads\/2025\/02\/kids20255-1536x1152.jpg 1536w, http:\/\/www.beaufort-athletisme.fr\/wp-content\/uploads\/2025\/02\/kids20255-900x675.jpg 900w, http:\/\/www.beaufort-athletisme.fr\/wp-content\/uploads\/2025\/02\/kids20255-1280x960.jpg 1280w, http:\/\/www.beaufort-athletisme.fr\/wp-content\/uploads\/2025\/02\/kids20255.jpg 2040w\" sizes=\"auto, (max-width: 1024px) 100vw, 1024px\"><\/a><\/figure>\n\n\n\n<figure class=\"wp-block-image size-large\"><a href=\"https:\/\/www.beaufort-athletisme.fr\/wp-content\/uploads\/2025\/02\/kids20254.jpg\"><img loading=\"lazy\" decoding=\"async\" width=\"768\" height=\"1024\" data-id=\"6067\" src=\"https:\/\/www.beaufort-athletisme.fr\/wp-content\/uploads\/2025\/02\/kids20254-768x1024.jpg\" alt class=\"wp-image-6067\" srcset=\"http:\/\/www.beaufort-athletisme.fr\/wp-content\/uploads\/2025\/02\/kids20254-768x1024.jpg 768w, http:\/\/www.beaufort-athletisme.fr\/wp-content\/uploads\/2025\/02\/kids20254-225x300.jpg 225w, http:\/\/www.beaufort-athletisme.fr\/wp-content\/uploads\/2025\/02\/kids20254-1152x1536.jpg 1152w, http:\/\/www.beaufort-athletisme.fr\/wp-content\/uploads\/2025\/02\/kids20254-900x1200.jpg 900w, http:\/\/www.beaufort-athletisme.fr\/wp-content\/uploads\/2025\/02\/kids20254-1280x1707.jpg 1280w, http:\/\/www.beaufort-athletisme.fr\/wp-content\/uploads\/2025\/02\/kids20254.jpg 1530w\" sizes=\"auto, (max-width: 768px) 100vw, 768px\"><\/a><\/figure>\n\n\n\n<figure class=\"wp-block-image size-large\"><a href=\"https:\/\/www.beaufort-athletisme.fr\/wp-content\/uploads\/2025\/02\/kids20253.jpg\"><img loading=\"lazy\" decoding=\"async\" width=\"768\" height=\"1024\" data-id=\"6068\" src=\"https:\/\/www.beaufort-athletisme.fr\/wp-content\/uploads\/2025\/02\/kids20253-768x1024.jpg\" alt class=\"wp-image-6068\" srcset=\"http:\/\/www.beaufort-athletisme.fr\/wp-content\/uploads\/2025\/02\/kids20253-768x1024.jpg 768w, http:\/\/www.beaufort-athletisme.fr\/wp-content\/uploads\/2025\/02\/kids20253-225x300.jpg 225w, http:\/\/www.beaufort-athletisme.fr\/wp-content\/uploads\/2025\/02\/kids20253-1152x1536.jpg 1152w, http:\/\/www.beaufort-athletisme.fr\/wp-content\/uploads\/2025\/02\/kids20253-900x1200.jpg 900w, http:\/\/www.beaufort-athletisme.fr\/wp-content\/uploads\/2025\/02\/kids20253-1280x1707.jpg 1280w, http:\/\/www.beaufort-athletisme.fr\/wp-content\/uploads\/2025\/02\/kids20253.jpg 1530w\" sizes=\"auto, (max-width: 768px) 100vw, 768px\"><\/a><\/figure>\n\n\n\n<figure class=\"wp-block-image size-large\"><a href=\"https:\/\/www.beaufort-athletisme.fr\/wp-content\/uploads\/2025\/02\/kids20252.jpg\"><img loading=\"lazy\" decoding=\"async\" width=\"768\" height=\"1024\" data-id=\"6069\" src=\"https:\/\/www.beaufort-athletisme.fr\/wp-content\/uploads\/2025\/02\/kids20252-768x1024.jpg\" alt class=\"wp-image-6069\" srcset=\"http:\/\/www.beaufort-athletisme.fr\/wp-content\/uploads\/2025\/02\/kids20252-768x1024.jpg 768w, http:\/\/www.beaufort-athletisme.fr\/wp-content\/uploads\/2025\/02\/kids20252-225x300.jpg 225w, http:\/\/www.beaufort-athletisme.fr\/wp-content\/uploads\/2025\/02\/kids20252-1152x1536.jpg 1152w, http:\/\/www.beaufort-athletisme.fr\/wp-content\/uploads\/2025\/02\/kids20252-900x1200.jpg 900w, http:\/\/www.beaufort-athletisme.fr\/wp-content\/uploads\/2025\/02\/kids20252-1280x1707.jpg 1280w, http:\/\/www.beaufort-athletisme.fr\/wp-content\/uploads\/2025\/02\/kids20252.jpg 1530w\" sizes=\"auto, (max-width: 768px) 100vw, 768px\"><\/a><\/figure>\n\n\n\n<figure class=\"wp-block-image size-large\"><a href=\"https:\/\/www.beaufort-athletisme.fr\/wp-content\/uploads\/2025\/02\/kids20251.jpg\"><img loading=\"lazy\" decoding=\"async\" width=\"1024\" height=\"768\" data-id=\"6070\" src=\"https:\/\/www.beaufort-athletisme.fr\/wp-content\/uploads\/2025\/02\/kids20251-1024x768.jpg\" alt class=\"wp-image-6070\" srcset=\"http:\/\/www.beaufort-athletisme.fr\/wp-content\/uploads\/2025\/02\/kids20251-1024x768.jpg 1024w, http:\/\/www.beaufort-athletisme.fr\/wp-content\/uploads\/2025\/02\/kids20251-300x225.jpg 300w, http:\/\/www.beaufort-athletisme.fr\/wp-content\/uploads\/2025\/02\/kids20251-768x576.jpg 768w, http:\/\/www.beaufort-athletisme.fr\/wp-content\/uploads\/2025\/02\/kids20251-1536x1152.jpg 1536w, http:\/\/www.beaufort-athletisme.fr\/wp-content\/uploads\/2025\/02\/kids20251-900x675.jpg 900w, http:\/\/www.beaufort-athletisme.fr\/wp-content\/uploads\/2025\/02\/kids20251-1280x960.jpg 1280w, http:\/\/www.beaufort-athletisme.fr\/wp-content\/uploads\/2025\/02\/kids20251.jpg 2040w\" sizes=\"auto, (max-width: 1024px) 100vw, 1024px\"><\/a><\/figure>\n<\/figure>\n\n\n\n<p>Un grand mer\u00adci pour cette fab\u00aduleuse \u00e9di\u00adtion 2025 v\u00e9cue ensem\u00adble ! Aux par\u00adents qui ont aid\u00e9, \u00e0 ceux qui ont encour\u00adag\u00e9, aux ath\u00adl\u00e8tes qui ont tout don\u00adn\u00e9, aux organ\u00adisa\u00adteurs qui ont mis en place ces activ\u00adit\u00e9s, au bas\u00adket qui nous a pr\u00eat\u00e9 ce gym\u00adnase si con\u00adfort\u00adable, un grand mer\u00adci et en route pour de nou\u00adveaux d\u00e9fis !<\/p>\n","protected":false},"excerpt":{"rendered":"<p>De la folie, il en faut (beau\u00adcoup) pour met\u00adtre en place une com\u00adp\u00e9ti\u00adtion en salle par \u00e9quipes en cette p\u00e9ri\u00adode : nom\u00adbreux d\u00e9parts en vacances d\u2019hiv\u00ader, un cer\u00adtain nom\u00adbre d\u2019ath\u00adl\u00e8tes malades et d\u2019autres en pr\u00e9\u00adpa\u00adra\u00adtion d\u2019\u00e9ch\u00e9ances impor\u00adtantes ou en com\u00adp\u00e9ti\u00adtion. Heureuse\u00adment, plein de bonnes sur\u00adpris\u00ades ont mon\u00adtr\u00e9 que nous nous \u00e9tions pas tromp\u00e9 \u00e0 per\u00adp\u00e9tuer [\u2026]<\/p>\n","protected":false},"author":1,"featured_media":0,"comment_status":"closed","ping_status":"closed","sticky":false,"template":"","format":"standard","meta":{"wp_typography_post_enhancements_disabled":false,"footnotes":""},"categories":[11],"tags":[],"class_list":["post-6065","post","type-post","status-publish","format-standard","hentry","category-actualite"],"featured_image_src":null,"author_info":{"display_name":"admin","author_link":"http:\/\/www.beaufort-athletisme.fr\/?author=1"},"_links":{"self":[{"href":"http:\/\/www.beaufort-athletisme.fr\/index.php?rest_route=\/wp\/v2\/posts\/6065","targetHints":{"allow":["GET"]}}],"collection":[{"href":"http:\/\/www.beaufort-athletisme.fr\/index.php?rest_route=\/wp\/v2\/posts"}],"about":[{"href":"http:\/\/www.beaufort-athletisme.fr\/index.php?rest_route=\/wp\/v2\/types\/post"}],"author":[{"embeddable":true,"href":"http:\/\/www.beaufort-athletisme.fr\/index.php?rest_route=\/wp\/v2\/users\/1"}],"replies":[{"embeddable":true,"href":"http:\/\/www.beaufort-athletisme.fr\/index.php?rest_route=%2Fwp%2Fv2%2Fcomments&post=6065"}],"version-history":[{"count":2,"href":"http:\/\/www.beaufort-athletisme.fr\/index.php?rest_route=\/wp\/v2\/posts\/6065\/revisions"}],"predecessor-version":[{"id":6090,"href":"http:\/\/www.beaufort-athletisme.fr\/index.php?rest_route=\/wp\/v2\/posts\/6065\/revisions\/6090"}],"wp:attachment":[{"href":"http:\/\/www.beaufort-athletisme.fr\/index.php?rest_route=%2Fwp%2Fv2%2Fmedia&parent=6065"}],"wp:term":[{"taxonomy":"category","embeddable":true,"href":"http:\/\/www.beaufort-athletisme.fr\/index.php?rest_route=%2Fwp%2Fv2%2Fcategories&post=6065"},{"taxonomy":"post_tag","embeddable":true,"href":"http:\/\/www.beaufort-athletisme.fr\/index.php?rest_route=%2Fwp%2Fv2%2Ftags&post=6065"}],"curies":[{"name":"wp","href":"https:\/\/api.w.org\/{rel}","templated":true}]}}