{"id":6084,"date":"2025-02-10T00:35:33","date_gmt":"2025-02-09T23:35:33","guid":{"rendered":"https:\/\/www.beaufort-athletisme.fr\/?p=6084"},"modified":"2025-02-11T14:27:32","modified_gmt":"2025-02-11T13:27:32","slug":"pre-france-et-preparation-des-france","status":"publish","type":"post","link":"http:\/\/www.beaufort-athletisme.fr\/?p=6084","title":{"rendered":"Pr\u00e9-France et pr\u00e9paration des France"},"content":{"rendered":"\n<p>4 ath\u00adl\u00e8tes de l\u2019US Beau\u00adfort Ath\u00adl\u00e9tisme ont par\u00adticip\u00e9 \u00e0 des cham\u00adpi\u00adonnats pr\u00e9-France ce week-end et 1 ath\u00adl\u00e8te a pris part \u00e0 un meet\u00ading pour effectuer les derniers r\u00e9glages une semaine avant les cham\u00adpi\u00adonnats de France en salle :<\/p>\n\n\n\n<p>-Julia SUBILEAU (U16), Juli\u00adette GESLIN (U18) et Mar\u00adtin LE LARGE (U20) ont don\u00adn\u00e9 toutes leurs forces dans la boue de Romoran\u00adtin dans le Cen\u00adtre (41) pour attein\u00addre la meilleure place pos\u00adsi\u00adble des pr\u00e9-France de cross. Ils n\u2019ont pas r\u00e9us\u00adsi \u00e0 pren\u00addre les places qual\u00adi\u00adfica\u00adtives pour les France mais n\u2019ont pas d\u00e9m\u00e9rit\u00e9 :<\/p>\n\n\n\n<p>*<strong>Julia SUBILEAU<\/strong> effec\u00adtu\u00adait son pre\u00admier cross \u00e0 ce niveau de com\u00adp\u00e9ti\u00adtion et prend la 82e place sur 135 coureuses chez les U16.<\/p>\n\n\n\n<p>*<strong>Juli\u00adette GESLIN<\/strong> d\u00e9cou\u00advrait \u00e9gale\u00adment les cham\u00adpi\u00adonnats pr\u00e9-France et ter\u00admine \u00e0 la 96e posi\u00adtion sur 135 par\u00adtic\u00adi\u00adpantes \u00e9gale\u00adment chez les U18.<\/p>\n\n\n\n<p>*<strong>Mar\u00adtin LE LARGE<\/strong> est par\u00advenu \u00e0 accrocher la 80e place sur 166 par\u00adtic\u00adi\u00adpants chez les U18, mal\u00adgr\u00e9 la perte de ses chaus\u00adsures, accroch\u00e9es par la boue mas\u00adsive et in\u00e9vitable du par\u00adcours.<\/p>\n\n\n\n<p><a href=\"https:\/\/bases.athle.fr\/asp.net\/liste.aspx?frmbase=resultats&amp;frmmode=1&amp;frmespace=0&amp;frmcompetition=299577\" target=\"_blank\" rel=\"noreferrer noopener\">Tous les r\u00e9sul\u00adtats de Romoran\u00adtin<\/a><\/p>\n\n\n\n<p>Une belle sai\u00adson de cross qui se ter\u00admine pour tous les trois avec de nom\u00adbreuses le\u00e7ons \u00e0 tir\u00ader pour la sai\u00adson prochaine et des efforts qui vont d\u00e9sor\u00admais pou\u00advoir \u00eatre cap\u00adi\u00adtal\u00adis\u00e9s \u00e0 l\u2019oc\u00adca\u00adsion des com\u00adp\u00e9ti\u00adtions sur piste \u00e0 venir.<\/p>\n\n\n\n<hr class=\"wp-block-separator has-alpha-channel-opacity is-style-dots\">\n\n\n\n<p>Tan\u00addis que cer\u00adtains s\u2019aven\u00adtu\u00adraient dans la boue, d\u2019autres avaient les pieds bien ancr\u00e9s sur le b\u00e9ton pour exp\u00e9di\u00ader les engins le plus loin pos\u00adsi\u00adble \u00e0 l\u2019oc\u00adca\u00adsion des pr\u00e9-France de lancers longs qui se tenaient ce dimanche 9 f\u00e9vri\u00ader \u00e0 Saint-Nazaire.<\/p>\n\n\n\n<p>Seule repr\u00e9sen\u00adtante de l\u2019US Beau\u00adfort Ath\u00adl\u00e9tisme \u00e0 ce niveau, <strong>Ambre JOUAND-PUCELLE<\/strong> con\u00adtin\u00adue de mon\u00adter pro\u00adgres\u00adsive\u00adment en puis\u00adsance en rem\u00adpor\u00adtant le con\u00adcours de marteau et en bat\u00adtant une nou\u00advelle fois son pro\u00adpre record d\u00e9parte\u00admen\u00adtal. Elle porte son record \u00e0 53m91, soit 18cm de mieux qu\u2019\u00e0 Laval il y a deux semaines lors des r\u00e9gionaux. Elle r\u00e9cup\u00e8re \u00e9gale\u00adment une pr\u00e9\u00adcieuse place au bilan nation\u00adal toutes cat\u00e9\u00adgories con\u00adfon\u00addues et se place 5e.<\/p>\n\n\n\n<p>Ambre prend \u00e9gale\u00adment la pre\u00admi\u00e8re place du con\u00adcours de lancer de disque avec une meilleure per\u00adfor\u00admance de 38m61. Il lui reste d\u00e9sor\u00admais deux semaines pour finalis\u00ader la pr\u00e9\u00adpa\u00adra\u00adtion avant les cham\u00adpi\u00adonnats de France qui se d\u00e9rouleront \u00e0 Salon de Provence.<\/p>\n\n\n\n<p><a href=\"https:\/\/bases.athle.fr\/asp.net\/liste.aspx?frmbase=resultats&amp;frmmode=1&amp;frmespace=0&amp;frmcompetition=303002\" target=\"_blank\" rel=\"noreferrer noopener\">Tous les r\u00e9sul\u00adtats de Saint-Nazaire<\/a><\/p>\n\n\n\n<p><a href=\"https:\/\/www.ouest-france.fr\/sport\/athletisme\/athletisme-pre-france-ambre-jouand-pucelle-signe-un-nouveau-record-personnel-0c1c9838-e71f-11ef-9afb-41e1b47a1356\" target=\"_blank\" rel=\"noreferrer noopener\">L\u2019ar\u00adti\u00adcle d\u2019Ouest France sur la perf d\u2019Am\u00adbre<\/a><\/p>\n\n\n\n<p><a href=\"https:\/\/www.le-kiosque.org\/athletisme-plusieurs-athletes-du-saumurois-se-distinguent-aux-pre-france\/\" target=\"_blank\" rel=\"noreferrer noopener\">L\u2019ar\u00adti\u00adcle de Saumur Kiosque<\/a><\/p>\n\n\n\n<hr class=\"wp-block-separator has-alpha-channel-opacity is-style-dots\">\n\n\n\n<p>Plus t\u00f4t dans le week-end, alors qu\u2019une grande par\u00adtie du club vibrait dans le gym\u00adnase de sport du col\u00adl\u00e8ge Moli\u00e8re de Beau\u00adfort-en-Anjou, <strong>L\u00e9o DUPONT <\/strong>pr\u00e9\u00adparait con\u00adscien\u00adcieuse\u00adment les cham\u00adpi\u00adonnats de France en salle \u00e0 venir la semaine prochaine \u00e0 Li\u00e9vin. Pour ce faire, il a pris la direc\u00adtion du Vende\u00adspace pour par\u00adticiper \u00e0 un meet\u00ading.<\/p>\n\n\n\n<p>Comme aux r\u00e9gionaux, L\u00e9o parvient \u00e0 pass\u00ader une barre plac\u00e9e \u00e0 4m66 de hau\u00adteur. Il \u00e9chouera ensuite \u00e0 trois repris\u00ades \u00e0 la barre suiv\u00adante qui aurait con\u00adsti\u00adtu\u00e9 un nou\u00adveau record per\u00adson\u00adnel : 4m86. Les ten\u00adta\u00adtives ont \u00e9t\u00e9 por\u00adteuses de plein d\u2019e\u00adspoir quant \u00e0 la suite et fin de sai\u00adson hiver\u00adnale qui se joue dans \u00e0 peine sept jours !<\/p>\n\n\n\n<p><a href=\"https:\/\/bases.athle.fr\/asp.net\/liste.aspx?frmbase=resultats&amp;frmmode=1&amp;frmespace=0&amp;frmcompetition=299458\" target=\"_blank\" rel=\"noreferrer noopener\">Tous les r\u00e9sul\u00adtats \u2011non disponibles au moment de ces lignes- du meet\u00ading<\/a><\/p>\n","protected":false},"excerpt":{"rendered":"<p>4 ath\u00adl\u00e8tes de l\u2019US Beau\u00adfort Ath\u00adl\u00e9tisme ont par\u00adticip\u00e9 \u00e0 des cham\u00adpi\u00adonnats pr\u00e9-France ce week-end et 1 ath\u00adl\u00e8te a pris part \u00e0 un meet\u00ading pour effectuer les derniers r\u00e9glages une semaine avant les cham\u00adpi\u00adonnats de France en salle : \u2011Julia SUBILEAU (U16), Juli\u00adette GESLIN (U18) et Mar\u00adtin LE LARGE (U20) ont don\u00adn\u00e9 toutes leurs forces dans [\u2026]<\/p>\n","protected":false},"author":1,"featured_media":0,"comment_status":"closed","ping_status":"closed","sticky":false,"template":"","format":"standard","meta":{"wp_typography_post_enhancements_disabled":false,"footnotes":""},"categories":[11],"tags":[],"class_list":["post-6084","post","type-post","status-publish","format-standard","hentry","category-actualite"],"featured_image_src":null,"author_info":{"display_name":"admin","author_link":"http:\/\/www.beaufort-athletisme.fr\/?author=1"},"_links":{"self":[{"href":"http:\/\/www.beaufort-athletisme.fr\/index.php?rest_route=\/wp\/v2\/posts\/6084","targetHints":{"allow":["GET"]}}],"collection":[{"href":"http:\/\/www.beaufort-athletisme.fr\/index.php?rest_route=\/wp\/v2\/posts"}],"about":[{"href":"http:\/\/www.beaufort-athletisme.fr\/index.php?rest_route=\/wp\/v2\/types\/post"}],"author":[{"embeddable":true,"href":"http:\/\/www.beaufort-athletisme.fr\/index.php?rest_route=\/wp\/v2\/users\/1"}],"replies":[{"embeddable":true,"href":"http:\/\/www.beaufort-athletisme.fr\/index.php?rest_route=%2Fwp%2Fv2%2Fcomments&post=6084"}],"version-history":[{"count":4,"href":"http:\/\/www.beaufort-athletisme.fr\/index.php?rest_route=\/wp\/v2\/posts\/6084\/revisions"}],"predecessor-version":[{"id":6093,"href":"http:\/\/www.beaufort-athletisme.fr\/index.php?rest_route=\/wp\/v2\/posts\/6084\/revisions\/6093"}],"wp:attachment":[{"href":"http:\/\/www.beaufort-athletisme.fr\/index.php?rest_route=%2Fwp%2Fv2%2Fmedia&parent=6084"}],"wp:term":[{"taxonomy":"category","embeddable":true,"href":"http:\/\/www.beaufort-athletisme.fr\/index.php?rest_route=%2Fwp%2Fv2%2Fcategories&post=6084"},{"taxonomy":"post_tag","embeddable":true,"href":"http:\/\/www.beaufort-athletisme.fr\/index.php?rest_route=%2Fwp%2Fv2%2Ftags&post=6084"}],"curies":[{"name":"wp","href":"https:\/\/api.w.org\/{rel}","templated":true}]}}