{"id":6204,"date":"2025-04-23T14:17:27","date_gmt":"2025-04-23T13:17:27","guid":{"rendered":"https:\/\/www.beaufort-athletisme.fr\/?p=6204"},"modified":"2025-04-23T14:17:27","modified_gmt":"2025-04-23T13:17:27","slug":"une-belle-recolte-a-avoine","status":"publish","type":"post","link":"http:\/\/www.beaufort-athletisme.fr\/?p=6204","title":{"rendered":"Une belle r\u00e9colte \u00e0 Avoine"},"content":{"rendered":"\n<p>Les m\u00e9dailles en choco\u00adlat r\u00e9com\u00adpen\u00adsaient comme \u00e0 leur habi\u00adtude sur ce meet\u00ading de lancers d\u2019Avoine les meilleurs et non les 4e place\u2026 et la chas\u00adse fut bonne en ce lun\u00addi 21 avril pour <strong>Ambre JOUAND-PUCELLE<\/strong> qui a rem\u00adport\u00e9 ses con\u00adcours avec deux tr\u00e8s belles per\u00adfor\u00admances : 42m72 au disque et 55m25 au lancer de marteau (record per\u00adson\u00adnel et record d\u00e9parte\u00admen\u00adtal).<\/p>\n\n\n\n<p>Deux nou\u00adveaux records per\u00adson\u00adnels sont \u00e9gale\u00adment \u00e0 not\u00ader au lancer de marteau pour les beau\u00adfor\u00adt\u00adais\u00ades : chez les cadettes avec <strong>Eleonore BURGEVIN <\/strong>qui lance le 3kg \u00e0 23m97 et chez les espoirs avec <strong>Lana GUILLON-JOLY<\/strong> qui passe pour la pre\u00admi\u00e8re fois les 30m et \u00e9tablit son record \u00e0 30m59.<\/p>\n\n\n\n<p><strong>Thomas DABURON<\/strong> r\u00e9alise 29m58 au marteau de 7kg.<\/p>\n\n\n\n<p><strong>Yves SAVARIAUD<\/strong> envoie son disque de 1kg \u00e0 32m41.<\/p>\n\n\n\n<p>Tous les r\u00e9sul\u00adtats du meet\u00ading de lancers : <a href=\"https:\/\/bases.athle.fr\/asp.net\/liste.aspx?frmbase=resultats&amp;frmmode=1&amp;frmespace=0&amp;frmcompetition=306083\" target=\"_blank\" rel=\"noreferrer noopener\">https:\/\/bases.athle.fr\/asp.net\/liste.aspx?frmbase=resultats&amp;frmmode=1&amp;frmespace=0&amp;frmcompetition=306083<\/a><\/p>\n\n\n\n<p>Les pho\u00adtos d\u2019Al\u00adban : <a href=\"https:\/\/drive.google.com\/drive\/folders\/1ZczvelxKkNskUnzQjzIm9CUWdYMaXq2P?fbclid=IwY2xjawJ1xbFleHRuA2FlbQIxMABicmlkETFEWDgxU2JmUlp2RW5ENWV0AR4aEpf1J43MOCEhbGqhRVojnKlIe6EkOr-tvawxkyzq5PWRGyfZRPSkx3oyFw_aem_IG7h5Oh_tOL5nDc7aKrsEw\" target=\"_blank\" rel=\"noreferrer noopener\">https:\/\/drive.google.com\/drive\/folders\/1ZczvelxKkNskUnzQjzIm9CUWdYMaXq2P?fbclid=IwY2xjawJ1xbFleHRuA2FlbQIxMABicmlkETFEWDgxU2JmUlp2RW5ENWV0AR4aEpf1J43MOCEhbGqhRVojnKlIe6EkOr-tvawxkyzq5PWRGyfZRPSkx3oyFw_aem_IG7h5Oh_tOL5nDc7aKrsEw<\/a><\/p>\n","protected":false},"excerpt":{"rendered":"<p>Les m\u00e9dailles en choco\u00adlat r\u00e9com\u00adpen\u00adsaient comme \u00e0 leur habi\u00adtude sur ce meet\u00ading de lancers d\u2019Avoine les meilleurs et non les 4e place\u2026 et la chas\u00adse fut bonne en ce lun\u00addi 21 avril pour Ambre JOUAND-PUCELLE qui a rem\u00adport\u00e9 ses con\u00adcours avec deux tr\u00e8s belles per\u00adfor\u00admances : 42m72 au disque et 55m25 au lancer de marteau [\u2026]<\/p>\n","protected":false},"author":1,"featured_media":0,"comment_status":"closed","ping_status":"closed","sticky":false,"template":"","format":"standard","meta":{"wp_typography_post_enhancements_disabled":false,"footnotes":""},"categories":[11],"tags":[],"class_list":["post-6204","post","type-post","status-publish","format-standard","hentry","category-actualite"],"featured_image_src":null,"author_info":{"display_name":"admin","author_link":"http:\/\/www.beaufort-athletisme.fr\/?author=1"},"_links":{"self":[{"href":"http:\/\/www.beaufort-athletisme.fr\/index.php?rest_route=\/wp\/v2\/posts\/6204","targetHints":{"allow":["GET"]}}],"collection":[{"href":"http:\/\/www.beaufort-athletisme.fr\/index.php?rest_route=\/wp\/v2\/posts"}],"about":[{"href":"http:\/\/www.beaufort-athletisme.fr\/index.php?rest_route=\/wp\/v2\/types\/post"}],"author":[{"embeddable":true,"href":"http:\/\/www.beaufort-athletisme.fr\/index.php?rest_route=\/wp\/v2\/users\/1"}],"replies":[{"embeddable":true,"href":"http:\/\/www.beaufort-athletisme.fr\/index.php?rest_route=%2Fwp%2Fv2%2Fcomments&post=6204"}],"version-history":[{"count":1,"href":"http:\/\/www.beaufort-athletisme.fr\/index.php?rest_route=\/wp\/v2\/posts\/6204\/revisions"}],"predecessor-version":[{"id":6205,"href":"http:\/\/www.beaufort-athletisme.fr\/index.php?rest_route=\/wp\/v2\/posts\/6204\/revisions\/6205"}],"wp:attachment":[{"href":"http:\/\/www.beaufort-athletisme.fr\/index.php?rest_route=%2Fwp%2Fv2%2Fmedia&parent=6204"}],"wp:term":[{"taxonomy":"category","embeddable":true,"href":"http:\/\/www.beaufort-athletisme.fr\/index.php?rest_route=%2Fwp%2Fv2%2Fcategories&post=6204"},{"taxonomy":"post_tag","embeddable":true,"href":"http:\/\/www.beaufort-athletisme.fr\/index.php?rest_route=%2Fwp%2Fv2%2Ftags&post=6204"}],"curies":[{"name":"wp","href":"https:\/\/api.w.org\/{rel}","templated":true}]}}