{"id":6206,"date":"2025-04-24T22:12:06","date_gmt":"2025-04-24T21:12:06","guid":{"rendered":"https:\/\/www.beaufort-athletisme.fr\/?p=6206"},"modified":"2025-04-24T22:12:07","modified_gmt":"2025-04-24T21:12:07","slug":"ambre-toujours-plus-loin","status":"publish","type":"post","link":"http:\/\/www.beaufort-athletisme.fr\/?p=6206","title":{"rendered":"Ambre, toujours plus loin"},"content":{"rendered":"\n<p><strong>Inar\u00adr\u00eatable !<\/strong><\/p>\n\n\n\n<p>Alors qu\u2019elle avait d\u00e9j\u00e0 port\u00e9 ce lun\u00addi 21 avril son pro\u00adpre record d\u00e9parte\u00admen\u00adtal du lancer de marteau \u00e0 55m25 \u00e0 Avoine (37); <strong>Ambre JOUAND-PUCELLE<\/strong> vient de l\u2019am\u00e9lior\u00ader et d\u2019en\u00advoy\u00ader son marteau \u00e0 55m85 ce jeu\u00addi 24 avril \u00e0 l\u2019oc\u00adca\u00adsion des cham\u00adpi\u00adonnats uni\u00adver\u00adsi\u00adtaires de Bre\u00adtagne.<\/p>\n\n\n\n<p>Elle r\u00e9alise \u00e9gale\u00adment un tr\u00e8s beau jet au disque avec 43m97 ce jeu\u00addi en Bre\u00adtagne, apr\u00e8s avoir lanc\u00e9 \u00e0 42m72 \u00e0 Avoine plus t\u00f4t dans la semaine.<\/p>\n\n\n\n<p>Ces pro\u00adgr\u00e8s con\u00adstants vien\u00adnent con\u00adfirmer et r\u00e9com\u00adpenser les efforts mis \u00e0 l\u2019en\u00adtra\u00eene\u00adment qua\u00adsi quo\u00adti\u00addi\u00aden\u00adnement avec ses entra\u00eeneurs Yves Savari\u00adaud pour le lancer de disque et Patrice Guiblet pour le lancer de marteau.<\/p>\n\n\n<div class=\"wp-block-image\">\n<figure class=\"aligncenter size-large is-resized\"><a href=\"http:\/\/www.beaufort-athletisme.fr\/wp-content\/uploads\/2025\/04\/DSC_4020.jpg\"><img loading=\"lazy\" decoding=\"async\" width=\"660\" height=\"1024\" src=\"http:\/\/www.beaufort-athletisme.fr\/wp-content\/uploads\/2025\/04\/DSC_4020-660x1024.jpg\" alt class=\"wp-image-6207\" style=\"width:322px;height:auto\" srcset=\"http:\/\/www.beaufort-athletisme.fr\/wp-content\/uploads\/2025\/04\/DSC_4020-660x1024.jpg 660w, http:\/\/www.beaufort-athletisme.fr\/wp-content\/uploads\/2025\/04\/DSC_4020-193x300.jpg 193w, http:\/\/www.beaufort-athletisme.fr\/wp-content\/uploads\/2025\/04\/DSC_4020-768x1192.jpg 768w, http:\/\/www.beaufort-athletisme.fr\/wp-content\/uploads\/2025\/04\/DSC_4020-990x1536.jpg 990w, http:\/\/www.beaufort-athletisme.fr\/wp-content\/uploads\/2025\/04\/DSC_4020-900x1397.jpg 900w, http:\/\/www.beaufort-athletisme.fr\/wp-content\/uploads\/2025\/04\/DSC_4020.jpg 1109w\" sizes=\"auto, (max-width: 660px) 100vw, 660px\"><\/a><\/figure>\n<\/div>\n\n\n<p>Tous les r\u00e9sul\u00adtats de ces <a href=\"https:\/\/bases.athle.fr\/asp.net\/liste.aspx?frmbase=resultats&amp;frmmode=1&amp;frmespace=0&amp;frmcompetition=305676\" target=\"_blank\" rel=\"noreferrer noopener\">cham\u00adpi\u00adonnats uni\u00adver\u00adsi\u00adtaires \u00e0 Brest<\/a>.<\/p>\n","protected":false},"excerpt":{"rendered":"<p>Inar\u00adr\u00eatable ! Alors qu\u2019elle avait d\u00e9j\u00e0 port\u00e9 ce lun\u00addi 21 avril son pro\u00adpre record d\u00e9parte\u00admen\u00adtal du lancer de marteau \u00e0 55m25 \u00e0 Avoine (37); Ambre JOUAND-PUCELLE vient de l\u2019am\u00e9lior\u00ader et d\u2019en\u00advoy\u00ader son marteau \u00e0 55m85 ce jeu\u00addi 24 avril \u00e0 l\u2019oc\u00adca\u00adsion des cham\u00adpi\u00adonnats uni\u00adver\u00adsi\u00adtaires de Bre\u00adtagne. Elle r\u00e9alise \u00e9gale\u00adment un tr\u00e8s beau jet au disque [\u2026]<\/p>\n","protected":false},"author":1,"featured_media":0,"comment_status":"closed","ping_status":"closed","sticky":false,"template":"","format":"standard","meta":{"wp_typography_post_enhancements_disabled":false,"footnotes":""},"categories":[11],"tags":[],"class_list":["post-6206","post","type-post","status-publish","format-standard","hentry","category-actualite"],"featured_image_src":null,"author_info":{"display_name":"admin","author_link":"http:\/\/www.beaufort-athletisme.fr\/?author=1"},"_links":{"self":[{"href":"http:\/\/www.beaufort-athletisme.fr\/index.php?rest_route=\/wp\/v2\/posts\/6206","targetHints":{"allow":["GET"]}}],"collection":[{"href":"http:\/\/www.beaufort-athletisme.fr\/index.php?rest_route=\/wp\/v2\/posts"}],"about":[{"href":"http:\/\/www.beaufort-athletisme.fr\/index.php?rest_route=\/wp\/v2\/types\/post"}],"author":[{"embeddable":true,"href":"http:\/\/www.beaufort-athletisme.fr\/index.php?rest_route=\/wp\/v2\/users\/1"}],"replies":[{"embeddable":true,"href":"http:\/\/www.beaufort-athletisme.fr\/index.php?rest_route=%2Fwp%2Fv2%2Fcomments&post=6206"}],"version-history":[{"count":1,"href":"http:\/\/www.beaufort-athletisme.fr\/index.php?rest_route=\/wp\/v2\/posts\/6206\/revisions"}],"predecessor-version":[{"id":6208,"href":"http:\/\/www.beaufort-athletisme.fr\/index.php?rest_route=\/wp\/v2\/posts\/6206\/revisions\/6208"}],"wp:attachment":[{"href":"http:\/\/www.beaufort-athletisme.fr\/index.php?rest_route=%2Fwp%2Fv2%2Fmedia&parent=6206"}],"wp:term":[{"taxonomy":"category","embeddable":true,"href":"http:\/\/www.beaufort-athletisme.fr\/index.php?rest_route=%2Fwp%2Fv2%2Fcategories&post=6206"},{"taxonomy":"post_tag","embeddable":true,"href":"http:\/\/www.beaufort-athletisme.fr\/index.php?rest_route=%2Fwp%2Fv2%2Ftags&post=6206"}],"curies":[{"name":"wp","href":"https:\/\/api.w.org\/{rel}","templated":true}]}}