{"id":6366,"date":"2025-06-19T22:05:59","date_gmt":"2025-06-19T21:05:59","guid":{"rendered":"https:\/\/www.beaufort-athletisme.fr\/?p=6366"},"modified":"2025-06-19T22:06:00","modified_gmt":"2025-06-19T21:06:00","slug":"annulation-des-championnats-regionaux-a-la-fleche","status":"publish","type":"post","link":"http:\/\/www.beaufort-athletisme.fr\/?p=6366","title":{"rendered":"Annulation des championnats r\u00e9gionaux \u00e0 La Fl\u00e8che"},"content":{"rendered":"\n<p><a href=\"https:\/\/www.ouest-france.fr\/sport\/athletisme\/athletisme-pays-de-la-loire-les-championnats-regionaux-sur-piste-annules-ec9c966e-4d46-11f0-a713-daeef56bef5e\" target=\"_blank\" rel=\"noreferrer noopener\">https:\/\/www.ouest-france.fr\/sport\/athletisme\/athletisme-pays-de-la-loire-les-championnats-regionaux-sur-piste-annules-ec9c966e-4d46-11f0-a713-daeef56bef5e<\/a><\/p>\n","protected":false},"excerpt":{"rendered":"<p>https:\/\/www.ouest-france.fr\/sport\/athletisme\/athletisme-pays-de-la-loire-les-championnats-regionaux-sur-piste-annules-ec9c966e-4d46-11f0-a713-daeef56bef5e<\/p>\n","protected":false},"author":1,"featured_media":0,"comment_status":"closed","ping_status":"closed","sticky":false,"template":"","format":"standard","meta":{"wp_typography_post_enhancements_disabled":false,"footnotes":""},"categories":[11],"tags":[],"class_list":["post-6366","post","type-post","status-publish","format-standard","hentry","category-actualite"],"featured_image_src":null,"author_info":{"display_name":"admin","author_link":"http:\/\/www.beaufort-athletisme.fr\/?author=1"},"_links":{"self":[{"href":"http:\/\/www.beaufort-athletisme.fr\/index.php?rest_route=\/wp\/v2\/posts\/6366","targetHints":{"allow":["GET"]}}],"collection":[{"href":"http:\/\/www.beaufort-athletisme.fr\/index.php?rest_route=\/wp\/v2\/posts"}],"about":[{"href":"http:\/\/www.beaufort-athletisme.fr\/index.php?rest_route=\/wp\/v2\/types\/post"}],"author":[{"embeddable":true,"href":"http:\/\/www.beaufort-athletisme.fr\/index.php?rest_route=\/wp\/v2\/users\/1"}],"replies":[{"embeddable":true,"href":"http:\/\/www.beaufort-athletisme.fr\/index.php?rest_route=%2Fwp%2Fv2%2Fcomments&post=6366"}],"version-history":[{"count":1,"href":"http:\/\/www.beaufort-athletisme.fr\/index.php?rest_route=\/wp\/v2\/posts\/6366\/revisions"}],"predecessor-version":[{"id":6367,"href":"http:\/\/www.beaufort-athletisme.fr\/index.php?rest_route=\/wp\/v2\/posts\/6366\/revisions\/6367"}],"wp:attachment":[{"href":"http:\/\/www.beaufort-athletisme.fr\/index.php?rest_route=%2Fwp%2Fv2%2Fmedia&parent=6366"}],"wp:term":[{"taxonomy":"category","embeddable":true,"href":"http:\/\/www.beaufort-athletisme.fr\/index.php?rest_route=%2Fwp%2Fv2%2Fcategories&post=6366"},{"taxonomy":"post_tag","embeddable":true,"href":"http:\/\/www.beaufort-athletisme.fr\/index.php?rest_route=%2Fwp%2Fv2%2Ftags&post=6366"}],"curies":[{"name":"wp","href":"https:\/\/api.w.org\/{rel}","templated":true}]}}