{"id":6371,"date":"2025-06-22T14:26:22","date_gmt":"2025-06-22T13:26:22","guid":{"rendered":"https:\/\/www.beaufort-athletisme.fr\/?p=6371"},"modified":"2025-06-23T19:41:06","modified_gmt":"2025-06-23T18:41:06","slug":"entre-les-rayons","status":"publish","type":"post","link":"http:\/\/www.beaufort-athletisme.fr\/?p=6371","title":{"rendered":"Entre les rayons"},"content":{"rendered":"\n<p>Ce week-end, apr\u00e8s toutes les annu\u00adla\u00adtions (d\u00e9parte\u00admen\u00adtaux EA\/PO, r\u00e9gionaux Cadets \u00e0 Seniors \u00e0 La Fl\u00e8che), il restait un endroit, une com\u00adp\u00e9ti\u00adtion qui a tenu bon : les cham\u00adpi\u00adonnats de France mas\u00adters \u00e0 Saint Renan.<\/p>\n\n\n\n<p><strong>Alexan\u00addre MORICEAU<\/strong> chez les M40 (ath\u00adl\u00e8tes ayant entre 40 et 45 ans) ne fait pas que con\u00adfirmer son excel\u00adlente forme, il brille en rem\u00adpor\u00adtant le titre de cham\u00adpi\u00adon de France le same\u00addi sur le 400m en 51\u201c49 (\u00e0 17 cen\u00adti\u00e8mes de son record per\u00adson\u00adnel) et celui du 400m haies le dimanche en 56\u201c06.<\/p>\n\n\n\n<figure class=\"wp-block-gallery aligncenter has-nested-images columns-default is-cropped wp-block-gallery-1 is-layout-flex wp-block-gallery-is-layout-flex\">\n<figure class=\"wp-block-image size-large\"><a href=\"https:\/\/www.beaufort-athletisme.fr\/wp-content\/uploads\/2025\/06\/Alex-M.jpg\"><img loading=\"lazy\" decoding=\"async\" width=\"768\" height=\"1024\" data-id=\"6372\" src=\"https:\/\/www.beaufort-athletisme.fr\/wp-content\/uploads\/2025\/06\/Alex-M-768x1024.jpg\" alt class=\"wp-image-6372\" srcset=\"http:\/\/www.beaufort-athletisme.fr\/wp-content\/uploads\/2025\/06\/Alex-M-768x1024.jpg 768w, http:\/\/www.beaufort-athletisme.fr\/wp-content\/uploads\/2025\/06\/Alex-M-225x300.jpg 225w, http:\/\/www.beaufort-athletisme.fr\/wp-content\/uploads\/2025\/06\/Alex-M-1152x1536.jpg 1152w, http:\/\/www.beaufort-athletisme.fr\/wp-content\/uploads\/2025\/06\/Alex-M-900x1200.jpg 900w, http:\/\/www.beaufort-athletisme.fr\/wp-content\/uploads\/2025\/06\/Alex-M-1280x1707.jpg 1280w, http:\/\/www.beaufort-athletisme.fr\/wp-content\/uploads\/2025\/06\/Alex-M.jpg 1530w\" sizes=\"auto, (max-width: 768px) 100vw, 768px\"><\/a><\/figure>\n\n\n\n<figure class=\"wp-block-image size-large\"><a href=\"https:\/\/www.beaufort-athletisme.fr\/wp-content\/uploads\/2025\/06\/alex-masters.jpg\"><img loading=\"lazy\" decoding=\"async\" width=\"576\" height=\"1024\" data-id=\"6378\" src=\"https:\/\/www.beaufort-athletisme.fr\/wp-content\/uploads\/2025\/06\/alex-masters-576x1024.jpg\" alt class=\"wp-image-6378\" srcset=\"http:\/\/www.beaufort-athletisme.fr\/wp-content\/uploads\/2025\/06\/alex-masters-576x1024.jpg 576w, http:\/\/www.beaufort-athletisme.fr\/wp-content\/uploads\/2025\/06\/alex-masters-169x300.jpg 169w, http:\/\/www.beaufort-athletisme.fr\/wp-content\/uploads\/2025\/06\/alex-masters-768x1365.jpg 768w, http:\/\/www.beaufort-athletisme.fr\/wp-content\/uploads\/2025\/06\/alex-masters-864x1536.jpg 864w, http:\/\/www.beaufort-athletisme.fr\/wp-content\/uploads\/2025\/06\/alex-masters.jpg 900w\" sizes=\"auto, (max-width: 576px) 100vw, 576px\"><\/a><\/figure>\n<\/figure>\n\n\n\n<p><strong>Alban LEBOUTEILER<\/strong> prend la m\u00e9daille d\u2019ar\u00adgent du pen\u00adta\u00adlancers chez les M35 (ath\u00adl\u00e8tes ayant entre 35 et 40 ans) en cumu\u00adlant 2032 points sur les cinq dis\u00adci\u00adplines : 31m51 au marteau, 11m11 au poids, 26m82 au disque, 28m78 au javelot et 8m11 au marteau lourd de 15kg.<\/p>\n\n\n\n<figure class=\"wp-block-gallery has-nested-images columns-default is-cropped wp-block-gallery-2 is-layout-flex wp-block-gallery-is-layout-flex\">\n<figure class=\"wp-block-image size-large\"><a href=\"https:\/\/www.beaufort-athletisme.fr\/wp-content\/uploads\/2025\/06\/pentamasters.jpg\"><img loading=\"lazy\" decoding=\"async\" width=\"1024\" height=\"768\" data-id=\"6380\" src=\"https:\/\/www.beaufort-athletisme.fr\/wp-content\/uploads\/2025\/06\/pentamasters-1024x768.jpg\" alt class=\"wp-image-6380\" srcset=\"http:\/\/www.beaufort-athletisme.fr\/wp-content\/uploads\/2025\/06\/pentamasters-1024x768.jpg 1024w, http:\/\/www.beaufort-athletisme.fr\/wp-content\/uploads\/2025\/06\/pentamasters-300x225.jpg 300w, http:\/\/www.beaufort-athletisme.fr\/wp-content\/uploads\/2025\/06\/pentamasters-768x576.jpg 768w, http:\/\/www.beaufort-athletisme.fr\/wp-content\/uploads\/2025\/06\/pentamasters-1536x1152.jpg 1536w, http:\/\/www.beaufort-athletisme.fr\/wp-content\/uploads\/2025\/06\/pentamasters-900x675.jpg 900w, http:\/\/www.beaufort-athletisme.fr\/wp-content\/uploads\/2025\/06\/pentamasters-1280x960.jpg 1280w, http:\/\/www.beaufort-athletisme.fr\/wp-content\/uploads\/2025\/06\/pentamasters.jpg 1600w\" sizes=\"auto, (max-width: 1024px) 100vw, 1024px\"><\/a><\/figure>\n\n\n\n<figure class=\"wp-block-image size-large\"><a href=\"https:\/\/www.beaufort-athletisme.fr\/wp-content\/uploads\/2025\/06\/podium-penta.jpg\"><img loading=\"lazy\" decoding=\"async\" width=\"829\" height=\"946\" data-id=\"6379\" src=\"https:\/\/www.beaufort-athletisme.fr\/wp-content\/uploads\/2025\/06\/podium-penta.jpg\" alt class=\"wp-image-6379\" srcset=\"http:\/\/www.beaufort-athletisme.fr\/wp-content\/uploads\/2025\/06\/podium-penta.jpg 829w, http:\/\/www.beaufort-athletisme.fr\/wp-content\/uploads\/2025\/06\/podium-penta-263x300.jpg 263w, http:\/\/www.beaufort-athletisme.fr\/wp-content\/uploads\/2025\/06\/podium-penta-768x876.jpg 768w\" sizes=\"auto, (max-width: 829px) 100vw, 829px\"><\/a><\/figure>\n<\/figure>\n\n\n\n<p>Tous les r\u00e9sul\u00adtats de la com\u00adp\u00e9ti\u00adtion sont <a href=\"https:\/\/bases.athle.fr\/asp.net\/liste.aspx?frmbase=resultats&amp;frmmode=1&amp;frmespace=0&amp;frmcompetition=302343\" target=\"_blank\" rel=\"noreferrer noopener\">\u00e0 retrou\u00adver ici<\/a>.<\/p>\n\n\n\n<p><a href=\"https:\/\/cadupayssaumurois.assoconnect.com\/articles\/181683-meetings-championnats-regionaux-de-triathlon-france-masters\">L\u2019ar\u00adti\u00adcle du CAPS<\/a> sur ces deux derni\u00e8res semaines de com\u00adp\u00e9ti\u00adtion.<\/p>\n\n\n\n<p>Cette semaine, nous aurons 3 ath\u00adl\u00e8tes \u00e0 suiv\u00adre ce mer\u00adcre\u00addi au meet\u00ading d\u2019Angers (L\u00e9o \u00e0 la perche, Louise au 400m haies et Eliot sur le 100m et 400m), avant de regarder du c\u00f4t\u00e9 de Seg\u00adr\u00e9 ce dimanche Jules \u00e0 l\u2019\u0153u\u00advre lors des r\u00e9gionaux indi\u00advidu\u00adels. Entre temps, nous regarderons aus\u00adsi du c\u00f4t\u00e9 de Fonte\u00adnay-le-Comte ven\u00addre\u00addi, puis de Caen le same\u00addi les per\u00adfor\u00admances d\u2019Am\u00adbre sur le disque et marteau et celles d\u2019Yves sur le disque \u00e0 Caen \u00e9gale\u00adment. Riche pro\u00adgramme de com\u00adp\u00e9ti\u00adtion ! Belle semaine \u00e0 tous !<\/p>\n","protected":false},"excerpt":{"rendered":"<p>Ce week-end, apr\u00e8s toutes les annu\u00adla\u00adtions (d\u00e9parte\u00admen\u00adtaux EA\/PO, r\u00e9gionaux Cadets \u00e0 Seniors \u00e0 La Fl\u00e8che), il restait un endroit, une com\u00adp\u00e9ti\u00adtion qui a tenu bon : les cham\u00adpi\u00adonnats de France mas\u00adters \u00e0 Saint Renan. Alexan\u00addre MORICEAU chez les M40 (ath\u00adl\u00e8tes ayant entre 40 et 45 ans) ne fait pas que con\u00adfirmer son excel\u00adlente forme, il [\u2026]<\/p>\n","protected":false},"author":1,"featured_media":0,"comment_status":"closed","ping_status":"closed","sticky":false,"template":"","format":"standard","meta":{"wp_typography_post_enhancements_disabled":false,"footnotes":""},"categories":[11],"tags":[],"class_list":["post-6371","post","type-post","status-publish","format-standard","hentry","category-actualite"],"featured_image_src":null,"author_info":{"display_name":"admin","author_link":"http:\/\/www.beaufort-athletisme.fr\/?author=1"},"_links":{"self":[{"href":"http:\/\/www.beaufort-athletisme.fr\/index.php?rest_route=\/wp\/v2\/posts\/6371","targetHints":{"allow":["GET"]}}],"collection":[{"href":"http:\/\/www.beaufort-athletisme.fr\/index.php?rest_route=\/wp\/v2\/posts"}],"about":[{"href":"http:\/\/www.beaufort-athletisme.fr\/index.php?rest_route=\/wp\/v2\/types\/post"}],"author":[{"embeddable":true,"href":"http:\/\/www.beaufort-athletisme.fr\/index.php?rest_route=\/wp\/v2\/users\/1"}],"replies":[{"embeddable":true,"href":"http:\/\/www.beaufort-athletisme.fr\/index.php?rest_route=%2Fwp%2Fv2%2Fcomments&post=6371"}],"version-history":[{"count":5,"href":"http:\/\/www.beaufort-athletisme.fr\/index.php?rest_route=\/wp\/v2\/posts\/6371\/revisions"}],"predecessor-version":[{"id":6383,"href":"http:\/\/www.beaufort-athletisme.fr\/index.php?rest_route=\/wp\/v2\/posts\/6371\/revisions\/6383"}],"wp:attachment":[{"href":"http:\/\/www.beaufort-athletisme.fr\/index.php?rest_route=%2Fwp%2Fv2%2Fmedia&parent=6371"}],"wp:term":[{"taxonomy":"category","embeddable":true,"href":"http:\/\/www.beaufort-athletisme.fr\/index.php?rest_route=%2Fwp%2Fv2%2Fcategories&post=6371"},{"taxonomy":"post_tag","embeddable":true,"href":"http:\/\/www.beaufort-athletisme.fr\/index.php?rest_route=%2Fwp%2Fv2%2Ftags&post=6371"}],"curies":[{"name":"wp","href":"https:\/\/api.w.org\/{rel}","templated":true}]}}