{"id":6384,"date":"2025-07-01T16:51:43","date_gmt":"2025-07-01T15:51:43","guid":{"rendered":"https:\/\/www.beaufort-athletisme.fr\/?p=6384"},"modified":"2025-07-01T16:51:43","modified_gmt":"2025-07-01T15:51:43","slug":"passsport-la-presque-fin","status":"publish","type":"post","link":"http:\/\/www.beaufort-athletisme.fr\/?p=6384","title":{"rendered":"Pass\u2019Sport, la (presque) fin"},"content":{"rendered":"\n<p>Ce dis\u00adposi\u00adtif ne sera pas recon\u00adduit pour tout le monde.<\/p>\n\n\n\n<p>Voici la pr\u00e9sen\u00adta\u00adtion faite par le site du min\u00adist\u00e8re des sports : <a href=\"https:\/\/www.pass.sports.gouv.fr\/v2\/tout-savoir-sur-le-pass-sport\" target=\"_blank\" rel=\"noreferrer noopener\">https:\/\/www.pass.sports.gouv.fr\/v2\/tout-savoir-sur-le-pass-sport<\/a><\/p>\n\n\n\n<p>En r\u00e9sum\u00e9, il sera des\u00adtin\u00e9 aux jeunes de 14 \u00e0 17 ans b\u00e9n\u00e9\u00adfi\u00adciant de l\u2019al\u00adlo\u00adca\u00adtion de ren\u00adtr\u00e9e sco\u00adlaire (ARS) et \u00e9tu\u00addi\u00adants bour\u00adsiers.<\/p>\n\n\n\n<p>Une \u00e9conomie sur la jeunesse\u2026 Ce serait une sit\u00adu\u00ada\u00adtion in\u00e9dite de voir des nou\u00adveaux arrivants \u00e0 cet \u00e2ge venus gr\u00e2ce \u00e0 un coup de pouce financier. Le monde asso\u00adci\u00adatif sportif est en \u00e9bul\u00adli\u00adtion pour obtenir un peu plus de con\u00adsid\u00ad\u00e9ra\u00adtion.<\/p>\n","protected":false},"excerpt":{"rendered":"<p>Ce dis\u00adposi\u00adtif ne sera pas recon\u00adduit pour tout le monde. Voici la pr\u00e9sen\u00adta\u00adtion faite par le site du min\u00adist\u00e8re des sports : https:\/\/www.pass.sports.gouv.fr\/v2\/tout-savoir-sur-le-pass-sport En r\u00e9sum\u00e9, il sera des\u00adtin\u00e9 aux jeunes de 14 \u00e0 17 ans b\u00e9n\u00e9\u00adfi\u00adciant de l\u2019al\u00adlo\u00adca\u00adtion de ren\u00adtr\u00e9e sco\u00adlaire (ARS) et \u00e9tu\u00addi\u00adants bour\u00adsiers. Une \u00e9conomie sur la jeunesse\u2026 Ce serait une sit\u00adu\u00ada\u00adtion in\u00e9dite [\u2026]<\/p>\n","protected":false},"author":1,"featured_media":0,"comment_status":"closed","ping_status":"closed","sticky":false,"template":"","format":"standard","meta":{"wp_typography_post_enhancements_disabled":false,"footnotes":""},"categories":[11],"tags":[],"class_list":["post-6384","post","type-post","status-publish","format-standard","hentry","category-actualite"],"featured_image_src":null,"author_info":{"display_name":"admin","author_link":"http:\/\/www.beaufort-athletisme.fr\/?author=1"},"_links":{"self":[{"href":"http:\/\/www.beaufort-athletisme.fr\/index.php?rest_route=\/wp\/v2\/posts\/6384","targetHints":{"allow":["GET"]}}],"collection":[{"href":"http:\/\/www.beaufort-athletisme.fr\/index.php?rest_route=\/wp\/v2\/posts"}],"about":[{"href":"http:\/\/www.beaufort-athletisme.fr\/index.php?rest_route=\/wp\/v2\/types\/post"}],"author":[{"embeddable":true,"href":"http:\/\/www.beaufort-athletisme.fr\/index.php?rest_route=\/wp\/v2\/users\/1"}],"replies":[{"embeddable":true,"href":"http:\/\/www.beaufort-athletisme.fr\/index.php?rest_route=%2Fwp%2Fv2%2Fcomments&post=6384"}],"version-history":[{"count":1,"href":"http:\/\/www.beaufort-athletisme.fr\/index.php?rest_route=\/wp\/v2\/posts\/6384\/revisions"}],"predecessor-version":[{"id":6385,"href":"http:\/\/www.beaufort-athletisme.fr\/index.php?rest_route=\/wp\/v2\/posts\/6384\/revisions\/6385"}],"wp:attachment":[{"href":"http:\/\/www.beaufort-athletisme.fr\/index.php?rest_route=%2Fwp%2Fv2%2Fmedia&parent=6384"}],"wp:term":[{"taxonomy":"category","embeddable":true,"href":"http:\/\/www.beaufort-athletisme.fr\/index.php?rest_route=%2Fwp%2Fv2%2Fcategories&post=6384"},{"taxonomy":"post_tag","embeddable":true,"href":"http:\/\/www.beaufort-athletisme.fr\/index.php?rest_route=%2Fwp%2Fv2%2Ftags&post=6384"}],"curies":[{"name":"wp","href":"https:\/\/api.w.org\/{rel}","templated":true}]}}