{"id":6465,"date":"2025-08-22T13:43:21","date_gmt":"2025-08-22T12:43:21","guid":{"rendered":"https:\/\/www.beaufort-athletisme.fr\/?p=6465"},"modified":"2025-08-22T13:43:45","modified_gmt":"2025-08-22T12:43:45","slug":"ah-lancons","status":"publish","type":"post","link":"http:\/\/www.beaufort-athletisme.fr\/?p=6465","title":{"rendered":"Ah lan\u00e7ons !"},"content":{"rendered":"\n<p>Il va \u00e9couter l\u2019in\u00adjonc\u00adtion la semaine \u00e0 venir, <strong>Jules THEGNER <\/strong>va par\u00adticiper du lun\u00addi 25 ao\u00fbt au same\u00addi 30 ao\u00fbt au stage Hori\u00adzon \u00e0 Alen\u00e7on. Ce stage est r\u00e9serv\u00e9 aux meilleurs ath\u00adl\u00e8tes min\u00adimes, s\u00e9lec\u00adtion\u00adn\u00e9s en fonc\u00adtion de leurs per\u00adfor\u00admances sur les dif\u00adf\u00e9rentes \u00e9preuves.<\/p>\n\n\n\n<p>Gr\u00e2ce \u00e0 sa per\u00adfor\u00admance de 39m78 r\u00e9al\u00adis\u00e9e \u00e0 Saumur fin mai sur le lancer de marteau, il aura notam\u00adment l\u2019oc\u00adca\u00adsion de par\u00adfaire sa tech\u00adnique en com\u00adpag\u00adnie des meilleurs lanceurs de l\u2019in\u00adter\u00adr\u00e9\u00adgion qu\u2019il a c\u00f4toy\u00e9 tout au long de la sai\u00adson.<\/p>\n\n\n\n<figure class=\"wp-block-video\"><video height=\"1280\" style=\"aspect-ratio: 720 \/ 1280;\" width=\"720\" controls src=\"http:\/\/www.beaufort-athletisme.fr\/wp-content\/uploads\/2025\/08\/41057c37-419a-4289-b555-b8b5dea7a27d.mp4\"><\/video><\/figure>\n\n\n\n<p>Bra\u00advo Jules et bonne semaine d\u2019en\u00adtra\u00eene\u00adment !<\/p>\n","protected":false},"excerpt":{"rendered":"<p>Il va \u00e9couter l\u2019in\u00adjonc\u00adtion la semaine \u00e0 venir, Jules THEGNER va par\u00adticiper du lun\u00addi 25 ao\u00fbt au same\u00addi 30 ao\u00fbt au stage Hori\u00adzon \u00e0 Alen\u00e7on. Ce stage est r\u00e9serv\u00e9 aux meilleurs ath\u00adl\u00e8tes min\u00adimes, s\u00e9lec\u00adtion\u00adn\u00e9s en fonc\u00adtion de leurs per\u00adfor\u00admances sur les dif\u00adf\u00e9rentes \u00e9preuves. Gr\u00e2ce \u00e0 sa per\u00adfor\u00admance de 39m78 r\u00e9al\u00adis\u00e9e \u00e0 Saumur fin mai sur [\u2026]<\/p>\n","protected":false},"author":1,"featured_media":0,"comment_status":"closed","ping_status":"closed","sticky":false,"template":"","format":"standard","meta":{"wp_typography_post_enhancements_disabled":false,"footnotes":""},"categories":[11],"tags":[],"class_list":["post-6465","post","type-post","status-publish","format-standard","hentry","category-actualite"],"featured_image_src":null,"author_info":{"display_name":"admin","author_link":"http:\/\/www.beaufort-athletisme.fr\/?author=1"},"_links":{"self":[{"href":"http:\/\/www.beaufort-athletisme.fr\/index.php?rest_route=\/wp\/v2\/posts\/6465","targetHints":{"allow":["GET"]}}],"collection":[{"href":"http:\/\/www.beaufort-athletisme.fr\/index.php?rest_route=\/wp\/v2\/posts"}],"about":[{"href":"http:\/\/www.beaufort-athletisme.fr\/index.php?rest_route=\/wp\/v2\/types\/post"}],"author":[{"embeddable":true,"href":"http:\/\/www.beaufort-athletisme.fr\/index.php?rest_route=\/wp\/v2\/users\/1"}],"replies":[{"embeddable":true,"href":"http:\/\/www.beaufort-athletisme.fr\/index.php?rest_route=%2Fwp%2Fv2%2Fcomments&post=6465"}],"version-history":[{"count":2,"href":"http:\/\/www.beaufort-athletisme.fr\/index.php?rest_route=\/wp\/v2\/posts\/6465\/revisions"}],"predecessor-version":[{"id":6468,"href":"http:\/\/www.beaufort-athletisme.fr\/index.php?rest_route=\/wp\/v2\/posts\/6465\/revisions\/6468"}],"wp:attachment":[{"href":"http:\/\/www.beaufort-athletisme.fr\/index.php?rest_route=%2Fwp%2Fv2%2Fmedia&parent=6465"}],"wp:term":[{"taxonomy":"category","embeddable":true,"href":"http:\/\/www.beaufort-athletisme.fr\/index.php?rest_route=%2Fwp%2Fv2%2Fcategories&post=6465"},{"taxonomy":"post_tag","embeddable":true,"href":"http:\/\/www.beaufort-athletisme.fr\/index.php?rest_route=%2Fwp%2Fv2%2Ftags&post=6465"}],"curies":[{"name":"wp","href":"https:\/\/api.w.org\/{rel}","templated":true}]}}