{"id":6494,"date":"2025-09-01T12:28:15","date_gmt":"2025-09-01T11:28:15","guid":{"rendered":"https:\/\/www.beaufort-athletisme.fr\/?p=6494"},"modified":"2025-09-01T12:28:18","modified_gmt":"2025-09-01T11:28:18","slug":"les-evenements-de-septembre-a-lus-beaufort-athletisme-%f0%9f%8f%83%e2%99%80%ef%b8%8f%f0%9f%8f%83%e2%99%82%ef%b8%8f","status":"publish","type":"post","link":"http:\/\/www.beaufort-athletisme.fr\/?p=6494","title":{"rendered":"Les \u00e9v\u00e9nements de septembre \u00e0 l\u2019US Beaufort Athl\u00e9tisme \ud83c\udfc3\u200d\u2640\ufe0f\ud83c\udfc3\u200d\u2642\ufe0f"},"content":{"rendered":"\n<p>La ren\u00adtr\u00e9e sportive est l\u00e0, et l\u2019US Beau\u00adfort Ath\u00adl\u00e9tisme vous a pr\u00e9\u00adpar\u00e9 un mois de sep\u00adtem\u00adbre riche en ren\u00addez-vous. Entre reprise des entra\u00eene\u00adments, com\u00adp\u00e9ti\u00adtions et ren\u00adcon\u00adtres internes, cha\u00adcun pour\u00adra trou\u00adver son moment fort.<\/p>\n\n\n\n<h3 class=\"wp-block-heading\"><strong>\ud83d\udccc Dates \u00e0 retenir :<\/strong><\/h3>\n\n\n\n<ul class=\"wp-block-list\">\n<li><strong>Mer\u00adcre\u00addi 3 sep\u00adtem\u00adbre<\/strong> \u2192 <em>Reprise des entra\u00eene\u00adments<\/em> pour le <strong>groupe Com\u00adp\u00e9ti\u00adtion<\/strong>.<\/li>\n\n\n\n<li><strong>Mer\u00adcre\u00addi 10 sep\u00adtem\u00adbre<\/strong> \u2192 <em>Reprise des entra\u00eene\u00adments<\/em> pour <strong>tous les groupes<\/strong>.<\/li>\n\n\n\n<li><strong>Same\u00addi 27 sep\u00adtem\u00adbre<\/strong> \u2192 <em>Cross interne<\/em> \u00e0 Brion, un moment con\u00advivial pour se tester et partager ensem\u00adble.<\/li>\n\n\n\n<li><strong>Dimanche 28 sep\u00adtem\u00adbre<\/strong> \u2192 <em>Inter\u00adclubs Avenir<\/em> au stade Miku\u00adlak \u00e0 Angers, avec nos jeunes ath\u00adl\u00e8tes en piste.<\/li>\n\n\n\n<li><strong>Dimanche 28 sep\u00adtem\u00adbre<\/strong> \u2192 <em>Meet\u00ading Pen\u00adta\u00adlancers<\/em> au stade du Moulin Bois\u00adseau \u00e0 Car\u00adque\u00adfou, d\u00e9di\u00e9 aux dis\u00adci\u00adplines com\u00adbi\u00adnant plusieurs lancers et r\u00e9serv\u00e9 aux Mas\u00adters.<\/li>\n<\/ul>\n\n\n\n<p>\ud83d\udcac <strong>Un mois pour se retrou\u00adver, s\u2019entra\u00eener et vivre pleine\u00adment notre pas\u00adsion pour l\u2019athl\u00e9tisme<\/strong>. Nous comp\u00adtons sur la pr\u00e9sence et la moti\u00adva\u00adtion de tous nos licen\u00adci\u00e9s, jeunes et moins jeunes, pour lancer cette nou\u00advelle sai\u00adson sous les meilleurs aus\u00adpices.<\/p>\n\n\n\n<p>\ud83d\udcf7 Retrou\u00advez \u00e9gale\u00adment ces dates en image dans notre visuel r\u00e9ca\u00adpit\u00adu\u00adlatif ci-dessous.<\/p>\n\n\n\n<figure class=\"wp-block-image size-large\"><a href=\"https:\/\/www.beaufort-athletisme.fr\/wp-content\/uploads\/2025\/09\/Post-instagram-planning-evenements-printemps-illustration-organique-moderne-colore-Publication-Instagram-45-1.png\"><img loading=\"lazy\" decoding=\"async\" width=\"819\" height=\"1024\" src=\"https:\/\/www.beaufort-athletisme.fr\/wp-content\/uploads\/2025\/09\/Post-instagram-planning-evenements-printemps-illustration-organique-moderne-colore-Publication-Instagram-45-1-819x1024.png\" alt class=\"wp-image-6496\" srcset=\"http:\/\/www.beaufort-athletisme.fr\/wp-content\/uploads\/2025\/09\/Post-instagram-planning-evenements-printemps-illustration-organique-moderne-colore-Publication-Instagram-45-1-819x1024.png 819w, http:\/\/www.beaufort-athletisme.fr\/wp-content\/uploads\/2025\/09\/Post-instagram-planning-evenements-printemps-illustration-organique-moderne-colore-Publication-Instagram-45-1-240x300.png 240w, http:\/\/www.beaufort-athletisme.fr\/wp-content\/uploads\/2025\/09\/Post-instagram-planning-evenements-printemps-illustration-organique-moderne-colore-Publication-Instagram-45-1-768x960.png 768w, http:\/\/www.beaufort-athletisme.fr\/wp-content\/uploads\/2025\/09\/Post-instagram-planning-evenements-printemps-illustration-organique-moderne-colore-Publication-Instagram-45-1-900x1125.png 900w, http:\/\/www.beaufort-athletisme.fr\/wp-content\/uploads\/2025\/09\/Post-instagram-planning-evenements-printemps-illustration-organique-moderne-colore-Publication-Instagram-45-1.png 1080w\" sizes=\"auto, (max-width: 819px) 100vw, 819px\"><\/a><\/figure>\n","protected":false},"excerpt":{"rendered":"<p>La ren\u00adtr\u00e9e sportive est l\u00e0, et l\u2019US Beau\u00adfort Ath\u00adl\u00e9tisme vous a pr\u00e9\u00adpar\u00e9 un mois de sep\u00adtem\u00adbre riche en ren\u00addez-vous. Entre reprise des entra\u00eene\u00adments, com\u00adp\u00e9ti\u00adtions et ren\u00adcon\u00adtres internes, cha\u00adcun pour\u00adra trou\u00adver son moment fort. \ud83d\udccc Dates \u00e0 retenir : \ud83d\udcac Un mois pour se retrou\u00adver, s\u2019entra\u00eener et vivre pleine\u00adment notre pas\u00adsion pour l\u2019athl\u00e9tisme. Nous comp\u00adtons sur [\u2026]<\/p>\n","protected":false},"author":1,"featured_media":0,"comment_status":"closed","ping_status":"closed","sticky":false,"template":"","format":"standard","meta":{"wp_typography_post_enhancements_disabled":false,"footnotes":""},"categories":[11],"tags":[],"class_list":["post-6494","post","type-post","status-publish","format-standard","hentry","category-actualite"],"featured_image_src":null,"author_info":{"display_name":"admin","author_link":"http:\/\/www.beaufort-athletisme.fr\/?author=1"},"_links":{"self":[{"href":"http:\/\/www.beaufort-athletisme.fr\/index.php?rest_route=\/wp\/v2\/posts\/6494","targetHints":{"allow":["GET"]}}],"collection":[{"href":"http:\/\/www.beaufort-athletisme.fr\/index.php?rest_route=\/wp\/v2\/posts"}],"about":[{"href":"http:\/\/www.beaufort-athletisme.fr\/index.php?rest_route=\/wp\/v2\/types\/post"}],"author":[{"embeddable":true,"href":"http:\/\/www.beaufort-athletisme.fr\/index.php?rest_route=\/wp\/v2\/users\/1"}],"replies":[{"embeddable":true,"href":"http:\/\/www.beaufort-athletisme.fr\/index.php?rest_route=%2Fwp%2Fv2%2Fcomments&post=6494"}],"version-history":[{"count":1,"href":"http:\/\/www.beaufort-athletisme.fr\/index.php?rest_route=\/wp\/v2\/posts\/6494\/revisions"}],"predecessor-version":[{"id":6497,"href":"http:\/\/www.beaufort-athletisme.fr\/index.php?rest_route=\/wp\/v2\/posts\/6494\/revisions\/6497"}],"wp:attachment":[{"href":"http:\/\/www.beaufort-athletisme.fr\/index.php?rest_route=%2Fwp%2Fv2%2Fmedia&parent=6494"}],"wp:term":[{"taxonomy":"category","embeddable":true,"href":"http:\/\/www.beaufort-athletisme.fr\/index.php?rest_route=%2Fwp%2Fv2%2Fcategories&post=6494"},{"taxonomy":"post_tag","embeddable":true,"href":"http:\/\/www.beaufort-athletisme.fr\/index.php?rest_route=%2Fwp%2Fv2%2Ftags&post=6494"}],"curies":[{"name":"wp","href":"https:\/\/api.w.org\/{rel}","templated":true}]}}