{"id":6600,"date":"2025-10-27T22:03:26","date_gmt":"2025-10-27T21:03:26","guid":{"rendered":"https:\/\/www.beaufort-athletisme.fr\/?p=6600"},"modified":"2025-11-17T22:59:46","modified_gmt":"2025-11-17T21:59:46","slug":"les-horaires-sont-la","status":"publish","type":"post","link":"http:\/\/www.beaufort-athletisme.fr\/?p=6600","title":{"rendered":"Championnats de lancers longs"},"content":{"rendered":"\n<p><span style=\"text-decoration: underline;\">Pour les lanceurs\/lanceuses, la sai\u00adson de cham\u00adpi\u00adonnats approche :<\/span><\/p>\n\n\n\n<p><strong>D\u00e9parte\u00admen\u00adtaux <\/strong>\u00e0 Seg\u00adr\u00e9 le dimanche 4 jan\u00advi\u00ader 2026 : les horaires prochaine\u00adment<\/p>\n\n\n\n<p><strong>R\u00e9gionaux <\/strong>\u00e0 Chal\u00adlans le dimanche 25 jan\u00advi\u00ader 2026 : <a href=\"https:\/\/www.paysdelaloire-athletisme.fr\/evenements\/2026\/01\/25\/championnats-regionaux-de-lancers-longs-u16-a-se-challans-2298041\" target=\"_blank\" rel=\"noreferrer noopener\">les infos<\/a><\/p>\n\n\n\n<p><strong>Pr\u00e9-France<\/strong> \u00e0 Tours le dimanche 8 f\u00e9vri\u00ader 2026 : <a href=\"https:\/\/www.paysdelaloire-athletisme.fr\/evenements\/2026\/02\/08\/pre-france-de-lancers-longs-tours-2298043\">les infos<\/a><\/p>\n\n\n\n<p><strong>France <\/strong>\u00e0 Nice du 20 au 22 f\u00e9vri\u00ader 2026 : <a href=\"https:\/\/www.paysdelaloire-athletisme.fr\/evenements\/2026\/02\/20\/championnats-de-france-de-lancers-hivernaux-nice-2298022\" target=\"_blank\" rel=\"noreferrer noopener\">les infos<\/a><\/p>\n","protected":false},"excerpt":{"rendered":"<p>Pour les lanceurs\/lanceuses, la sai\u00adson de cham\u00adpi\u00adonnats approche : D\u00e9parte\u00admen\u00adtaux \u00e0 Seg\u00adr\u00e9 le dimanche 4 jan\u00advi\u00ader 2026 : les horaires prochaine\u00adment R\u00e9gionaux \u00e0 Chal\u00adlans le dimanche 25 jan\u00advi\u00ader 2026 : les infos Pr\u00e9-France \u00e0 Tours le dimanche 8 f\u00e9vri\u00ader 2026 : les infos France \u00e0 Nice du 20 au 22 f\u00e9vri\u00ader 2026 : les infos<\/p>\n","protected":false},"author":1,"featured_media":0,"comment_status":"closed","ping_status":"closed","sticky":false,"template":"","format":"standard","meta":{"wp_typography_post_enhancements_disabled":false,"footnotes":""},"categories":[11],"tags":[],"class_list":["post-6600","post","type-post","status-publish","format-standard","hentry","category-actualite"],"featured_image_src":null,"author_info":{"display_name":"admin","author_link":"http:\/\/www.beaufort-athletisme.fr\/?author=1"},"_links":{"self":[{"href":"http:\/\/www.beaufort-athletisme.fr\/index.php?rest_route=\/wp\/v2\/posts\/6600","targetHints":{"allow":["GET"]}}],"collection":[{"href":"http:\/\/www.beaufort-athletisme.fr\/index.php?rest_route=\/wp\/v2\/posts"}],"about":[{"href":"http:\/\/www.beaufort-athletisme.fr\/index.php?rest_route=\/wp\/v2\/types\/post"}],"author":[{"embeddable":true,"href":"http:\/\/www.beaufort-athletisme.fr\/index.php?rest_route=\/wp\/v2\/users\/1"}],"replies":[{"embeddable":true,"href":"http:\/\/www.beaufort-athletisme.fr\/index.php?rest_route=%2Fwp%2Fv2%2Fcomments&post=6600"}],"version-history":[{"count":4,"href":"http:\/\/www.beaufort-athletisme.fr\/index.php?rest_route=\/wp\/v2\/posts\/6600\/revisions"}],"predecessor-version":[{"id":6643,"href":"http:\/\/www.beaufort-athletisme.fr\/index.php?rest_route=\/wp\/v2\/posts\/6600\/revisions\/6643"}],"wp:attachment":[{"href":"http:\/\/www.beaufort-athletisme.fr\/index.php?rest_route=%2Fwp%2Fv2%2Fmedia&parent=6600"}],"wp:term":[{"taxonomy":"category","embeddable":true,"href":"http:\/\/www.beaufort-athletisme.fr\/index.php?rest_route=%2Fwp%2Fv2%2Fcategories&post=6600"},{"taxonomy":"post_tag","embeddable":true,"href":"http:\/\/www.beaufort-athletisme.fr\/index.php?rest_route=%2Fwp%2Fv2%2Ftags&post=6600"}],"curies":[{"name":"wp","href":"https:\/\/api.w.org\/{rel}","templated":true}]}}