{"id":6616,"date":"2025-11-05T10:15:45","date_gmt":"2025-11-05T09:15:45","guid":{"rendered":"https:\/\/www.beaufort-athletisme.fr\/?p=6616"},"modified":"2025-11-24T01:59:35","modified_gmt":"2025-11-24T00:59:35","slug":"en-vacances-mais-pas-vraiment","status":"publish","type":"post","link":"http:\/\/www.beaufort-athletisme.fr\/?p=6616","title":{"rendered":"En vacances, mais pas vraiment"},"content":{"rendered":"\n<p>Nom\u00adbre d\u2019ath\u00adl\u00e8tes ont \u00e9t\u00e9 act\u00adifs ces deux derni\u00e8res semaines.<\/p>\n\n\n\n<p>C\u2019\u00e9\u00adtait le cas de la lanceuse <strong>Ambre JOUAND-PUCELLE<\/strong> qui apr\u00e8s un stage d\u2019en\u00adtra\u00eene\u00adment \u00e0 Col\u00admar avec Jean-Bap\u00adtiste Brux\u00adelle (3e per\u00adformeur fran\u00e7ais de la sai\u00adson 2025) a con\u00adfir\u00adm\u00e9 ses pro\u00adgr\u00e8s lors du meet\u00ading de lancers de Vogelsheim (68, Haut-Rhin) le 26 octo\u00adbre.<\/p>\n\n\n\n<p>Avec une meilleure per\u00adfor\u00admance de 42m83 au lancer de disque et une s\u00e9rie de 4 lancers au-del\u00e0 de sa meilleure per\u00adfor\u00admance de la sai\u00adson, Ambre a ais\u00e9\u00adment rem\u00adport\u00e9 le con\u00adcours de disque et pris \u00e0 cette occa\u00adsion la 2e place des bilans fran\u00e7ais chez les espoirs.<\/p>\n\n\n\n<p>Sc\u00e9\u00adnario presque iden\u00adtique au lancer de marteau puisqu\u2019elle con\u00adc\u00e8de seule\u00adment un cen\u00adtim\u00e8tre \u00e0 la junior Can\u00addyce BONJEAN, pour pren\u00addre la 2e place du con\u00adcours avec un meilleur jet \u00e0 56m33, qui lui con\u00adf\u00e8re la 2e place des bilans fran\u00e7ais \u00e9gale\u00adment sur cette dis\u00adci\u00adpline.<\/p>\n\n\n\n<p>Port\u00e9e par la con\u00adfronta\u00adtion, les appren\u00adtis\u00adsages du stage, ain\u00adsi que l\u2019am\u00adbiance \u00ab trop chou\u00adette \u00bb (dix\u00adit Ambre), les per\u00adfor\u00admances sont au ren\u00addez-vous et mon\u00adtent pro\u00adgres\u00adsive\u00adment en cette fin d\u2019an\u00adn\u00e9e. Prochaine halte : Avoine le dimanche 16 novem\u00adbre.<\/p>\n\n\n\n<p>Pour sa sai\u00adson excep\u00adtion\u00adnelle 2024\u20132025, Ambre a \u00e9t\u00e9 r\u00e9com\u00adpen\u00ads\u00e9e le ven\u00addre\u00addi 31 octo\u00adbre 2025 par le comit\u00e9 49 d\u2019ath\u00adl\u00e9tisme \u00e0 l\u2019oc\u00adca\u00adsion de son assem\u00adbl\u00e9e g\u00e9n\u00e9rale :<\/p>\n\n\n<div class=\"wp-block-image\">\n<figure class=\"aligncenter size-large is-resized\"><a href=\"http:\/\/www.beaufort-athletisme.fr\/wp-content\/uploads\/2025\/11\/DSC_0687-scaled.jpg\"><img loading=\"lazy\" decoding=\"async\" width=\"1024\" height=\"541\" src=\"http:\/\/www.beaufort-athletisme.fr\/wp-content\/uploads\/2025\/11\/DSC_0687-1024x541.jpg\" alt class=\"wp-image-6617\" style=\"width:481px;height:auto\" srcset=\"http:\/\/www.beaufort-athletisme.fr\/wp-content\/uploads\/2025\/11\/DSC_0687-1024x541.jpg 1024w, http:\/\/www.beaufort-athletisme.fr\/wp-content\/uploads\/2025\/11\/DSC_0687-300x159.jpg 300w, http:\/\/www.beaufort-athletisme.fr\/wp-content\/uploads\/2025\/11\/DSC_0687-768x406.jpg 768w, http:\/\/www.beaufort-athletisme.fr\/wp-content\/uploads\/2025\/11\/DSC_0687-1536x812.jpg 1536w, http:\/\/www.beaufort-athletisme.fr\/wp-content\/uploads\/2025\/11\/DSC_0687-2048x1083.jpg 2048w, http:\/\/www.beaufort-athletisme.fr\/wp-content\/uploads\/2025\/11\/DSC_0687-900x476.jpg 900w, http:\/\/www.beaufort-athletisme.fr\/wp-content\/uploads\/2025\/11\/DSC_0687-1280x677.jpg 1280w\" sizes=\"auto, (max-width: 1024px) 100vw, 1024px\"><\/a><\/figure>\n<\/div>\n\n\n<hr class=\"wp-block-separator has-alpha-channel-opacity is-style-dots\">\n\n\n\n<p>Du ven\u00addre\u00addi 31 octo\u00adbre au dimanche 2 novem\u00adbre, <strong>Jules THEGNER<\/strong> a fait par\u00adtie de l\u2019ef\u00adfec\u00adtif du stage de suivi Ligue Jeunes de la Ligue des Pays-de-la-Loire pour ses per\u00adfor\u00admances sur le lancer de marteau. 70 ath\u00adl\u00e8tes et 15 encad\u00adrants de la r\u00e9gion \u00e9taient pr\u00e9sents \u00e0 ce stage qui s\u2019est d\u00e9roul\u00e9 sur Angers.<\/p>\n\n\n<div class=\"wp-block-image\">\n<figure class=\"aligncenter size-large is-resized\"><a href=\"http:\/\/www.beaufort-athletisme.fr\/wp-content\/uploads\/2025\/11\/Thegner-stage.jpg\"><img loading=\"lazy\" decoding=\"async\" width=\"1024\" height=\"1024\" src=\"http:\/\/www.beaufort-athletisme.fr\/wp-content\/uploads\/2025\/11\/Thegner-stage-1024x1024.jpg\" alt class=\"wp-image-6620\" style=\"width:356px;height:auto\" srcset=\"http:\/\/www.beaufort-athletisme.fr\/wp-content\/uploads\/2025\/11\/Thegner-stage-1024x1024.jpg 1024w, http:\/\/www.beaufort-athletisme.fr\/wp-content\/uploads\/2025\/11\/Thegner-stage-300x300.jpg 300w, http:\/\/www.beaufort-athletisme.fr\/wp-content\/uploads\/2025\/11\/Thegner-stage-150x150.jpg 150w, http:\/\/www.beaufort-athletisme.fr\/wp-content\/uploads\/2025\/11\/Thegner-stage-768x768.jpg 768w, http:\/\/www.beaufort-athletisme.fr\/wp-content\/uploads\/2025\/11\/Thegner-stage-1536x1536.jpg 1536w, http:\/\/www.beaufort-athletisme.fr\/wp-content\/uploads\/2025\/11\/Thegner-stage-88x88.jpg 88w, http:\/\/www.beaufort-athletisme.fr\/wp-content\/uploads\/2025\/11\/Thegner-stage-900x900.jpg 900w, http:\/\/www.beaufort-athletisme.fr\/wp-content\/uploads\/2025\/11\/Thegner-stage-1280x1280.jpg 1280w, http:\/\/www.beaufort-athletisme.fr\/wp-content\/uploads\/2025\/11\/Thegner-stage.jpg 2048w\" sizes=\"auto, (max-width: 1024px) 100vw, 1024px\"><\/a><\/figure>\n<\/div>\n\n\n<hr class=\"wp-block-separator has-alpha-channel-opacity is-style-dots\">\n\n\n\n<p>Sur le stade de Beau\u00adfort deux activ\u00adit\u00e9s ont con\u00adnu une bonne afflu\u00adence :<\/p>\n\n\n\n<p>-Un stage \u201dsauts\u201d sur l\u2019apr\u00e8s-midi du mer\u00adcre\u00addi 22 octo\u00adbre avec 8 sta\u00adgiaires qui ont pu se per\u00adfec\u00adtion\u00adner sur 3 des 4 dis\u00adci\u00adplines de sauts qu\u2019ils avaient choisies.<\/p>\n\n\n\n<p>-Une s\u00e9ance \u201dcross\u201d le same\u00addi 1er novem\u00adbre avec 17 ath\u00adl\u00e8tes de tout \u00e2ge (de 8 \u00e0 16 ans) pour pr\u00e9\u00adpar\u00ader la sai\u00adson de cross qui approche !<\/p>\n\n\n\n<hr class=\"wp-block-separator has-alpha-channel-opacity is-style-dots\">\n\n\n\n<p>Il est d\u00e9sor\u00admais temps de se pro\u00adjeter sur le mois de novem\u00adbre, avec pour unique change\u00adment le lieu d\u2019en\u00adtra\u00eene\u00adment du mer\u00adcre\u00addi qui sera dor\u00e9\u00adna\u00advant le gym\u00adnase de la val\u00adl\u00e9e, \u00e0 c\u00f4t\u00e9 de l\u2019\u00e9\u00adcole de la val\u00adl\u00e9e.<\/p>\n\n\n\n<p><span style=\"text-decoration: underline;\">Les com\u00adp\u00e9ti\u00adtions ce mois-ci :<\/span><\/p>\n\n\n<div class=\"wp-block-image\">\n<figure class=\"aligncenter size-full is-resized\"><a href=\"http:\/\/www.beaufort-athletisme.fr\/wp-content\/uploads\/2025\/11\/Evenements-nov-25-USBA.jpg\"><img loading=\"lazy\" decoding=\"async\" width=\"649\" height=\"811\" src=\"http:\/\/www.beaufort-athletisme.fr\/wp-content\/uploads\/2025\/11\/Evenements-nov-25-USBA.jpg\" alt class=\"wp-image-6618\" style=\"width:581px;height:auto\" srcset=\"http:\/\/www.beaufort-athletisme.fr\/wp-content\/uploads\/2025\/11\/Evenements-nov-25-USBA.jpg 649w, http:\/\/www.beaufort-athletisme.fr\/wp-content\/uploads\/2025\/11\/Evenements-nov-25-USBA-240x300.jpg 240w\" sizes=\"auto, (max-width: 649px) 100vw, 649px\"><\/a><\/figure>\n<\/div>","protected":false},"excerpt":{"rendered":"<p>Nom\u00adbre d\u2019ath\u00adl\u00e8tes ont \u00e9t\u00e9 act\u00adifs ces deux derni\u00e8res semaines. C\u2019\u00e9\u00adtait le cas de la lanceuse Ambre JOUAND-PUCELLE qui apr\u00e8s un stage d\u2019en\u00adtra\u00eene\u00adment \u00e0 Col\u00admar avec Jean-Bap\u00adtiste Brux\u00adelle (3e per\u00adformeur fran\u00e7ais de la sai\u00adson 2025) a con\u00adfir\u00adm\u00e9 ses pro\u00adgr\u00e8s lors du meet\u00ading de lancers de Vogelsheim (68, Haut-Rhin) le 26 octo\u00adbre. Avec une meilleure per\u00adfor\u00admance de [\u2026]<\/p>\n","protected":false},"author":1,"featured_media":0,"comment_status":"closed","ping_status":"closed","sticky":false,"template":"","format":"standard","meta":{"wp_typography_post_enhancements_disabled":false,"footnotes":""},"categories":[11],"tags":[],"class_list":["post-6616","post","type-post","status-publish","format-standard","hentry","category-actualite"],"featured_image_src":null,"author_info":{"display_name":"admin","author_link":"http:\/\/www.beaufort-athletisme.fr\/?author=1"},"_links":{"self":[{"href":"http:\/\/www.beaufort-athletisme.fr\/index.php?rest_route=\/wp\/v2\/posts\/6616","targetHints":{"allow":["GET"]}}],"collection":[{"href":"http:\/\/www.beaufort-athletisme.fr\/index.php?rest_route=\/wp\/v2\/posts"}],"about":[{"href":"http:\/\/www.beaufort-athletisme.fr\/index.php?rest_route=\/wp\/v2\/types\/post"}],"author":[{"embeddable":true,"href":"http:\/\/www.beaufort-athletisme.fr\/index.php?rest_route=\/wp\/v2\/users\/1"}],"replies":[{"embeddable":true,"href":"http:\/\/www.beaufort-athletisme.fr\/index.php?rest_route=%2Fwp%2Fv2%2Fcomments&post=6616"}],"version-history":[{"count":3,"href":"http:\/\/www.beaufort-athletisme.fr\/index.php?rest_route=\/wp\/v2\/posts\/6616\/revisions"}],"predecessor-version":[{"id":6677,"href":"http:\/\/www.beaufort-athletisme.fr\/index.php?rest_route=\/wp\/v2\/posts\/6616\/revisions\/6677"}],"wp:attachment":[{"href":"http:\/\/www.beaufort-athletisme.fr\/index.php?rest_route=%2Fwp%2Fv2%2Fmedia&parent=6616"}],"wp:term":[{"taxonomy":"category","embeddable":true,"href":"http:\/\/www.beaufort-athletisme.fr\/index.php?rest_route=%2Fwp%2Fv2%2Fcategories&post=6616"},{"taxonomy":"post_tag","embeddable":true,"href":"http:\/\/www.beaufort-athletisme.fr\/index.php?rest_route=%2Fwp%2Fv2%2Ftags&post=6616"}],"curies":[{"name":"wp","href":"https:\/\/api.w.org\/{rel}","templated":true}]}}