{"id":6629,"date":"2025-11-12T18:13:39","date_gmt":"2025-11-12T17:13:39","guid":{"rendered":"https:\/\/www.beaufort-athletisme.fr\/?p=6629"},"modified":"2025-11-14T16:50:18","modified_gmt":"2025-11-14T15:50:18","slug":"cross-du-courrier-de-louest-les-resultats","status":"publish","type":"post","link":"http:\/\/www.beaufort-athletisme.fr\/?p=6629","title":{"rendered":"Cross du Courrier de l\u2019Ouest \u2014 les r\u00e9sultats"},"content":{"rendered":"\n<p><a href=\"https:\/\/www.athle.fr\/bases\/liste.aspx?frmbase=resultats&amp;frmmode=1&amp;frmespace=0&amp;frmcompetition=296828\" target=\"_blank\" rel=\"noreferrer noopener\">Tous les r\u00e9sul\u00adtats du cross de ce 11 novem\u00adbre 2025<\/a><\/p>\n\n\n\n<p><a href=\"https:\/\/www.youtube.com\/playlist?list=PLCFGlmC20HRMERdCPn7KLLd-K1VpeeGyc\" target=\"_blank\" rel=\"noreferrer noopener\">Les arriv\u00e9es en vid\u00e9o<\/a><\/p>\n\n\n\n<p>La d\u00e9l\u00e9\u00adga\u00adtion de l\u2019US Beau\u00adfort Ath\u00adl\u00e9tisme \u00e9tait plut\u00f4t faible en nom\u00adbre cette sai\u00adson; mais que de belles sur\u00adpris\u00ades quant aux per\u00adfor\u00admances r\u00e9al\u00adis\u00e9es qui illus\u00adtrent une den\u00adsit\u00e9 excep\u00adtion\u00adnelle de bons \u00e9l\u00e9\u00adments sur le demi-fond\/\u00adfond au sein du club :<\/p>\n\n\n\n<p>-<strong>Eloise CERCLEUX<\/strong> 5e chez les U12 poussines<\/p>\n\n\n\n<p>Dans la m\u00eame course : <strong>Mar\u00adi\u00adon FOUQUE<\/strong> 30e chez les poussines, <strong>Emmy PERCHERON DENISET<\/strong> 105e<\/p>\n\n\n\n<p>-<strong>Anouk SUBILEAU<\/strong> 9e chez les ben\u00adjamines<\/p>\n\n\n\n<p>Dans la m\u00eame course : <strong>Ele\u00adna RENAULT<\/strong> 77e<\/p>\n\n\n\n<p>-<strong>Arthur BERTRAND<\/strong> 24e chez les U14 ben\u00adjamins<\/p>\n\n\n\n<p>Dans la m\u00eame course : <strong>Tia\u00adgo LE NOURS<\/strong> 64e<\/p>\n\n\n\n<p>-<strong>Lola COMPAIN<\/strong> 15e chez les min\u00adimes filles<\/p>\n\n\n\n<p>Dans la m\u00eame course : <strong>Clarisse PERCHERON DENISET<\/strong> 29e chez les min\u00adimes, <strong>Romane PERCHERON DENISET<\/strong> 44e, <strong>Naya LUBIN<\/strong> 123e, <strong>Z\u00e9li\u00adna BOURGET GRIGNARD<\/strong> 137e<\/p>\n\n\n\n<p>Chez les U10 \u00e9veil ath\u00adl\u00e9 filles : <strong>Ele\u00adna GONCALVES<\/strong> 69e<\/p>\n\n\n\n<p>Chez les U10 \u00e9veil ath\u00adl\u00e9 gar\u00e7ons : <strong>Andr\u00e9a BLIN<\/strong> 61e, <strong>Math\u00adis GUILBAUD <\/strong>190e, <strong>Max\u00adence BRETECHE<\/strong> 221e<\/p>\n\n\n\n<p>Chez les U12 poussins : <strong>Jolan LE GLEVIC<\/strong> 50e, <strong>Albin DURAND FRACASSI<\/strong> 93e, <strong>Louis RENAULT<\/strong> 202e<\/p>\n\n\n\n<p>Chez les U16 min\u00adimes gar\u00e7ons, excel\u00adlente place pour <strong>Gui\u00addo PIVERT<\/strong> qui ter\u00admine \u00e0 la 57e place. En U18 cadettes, 39e et 40e place dans le m\u00eame temps de <strong>Juli\u00adette GESLIN<\/strong> et <strong>Julia SUBILEAU<\/strong>.<\/p>\n\n\n\n<figure class=\"wp-block-gallery has-nested-images columns-default is-cropped wp-block-gallery-1 is-layout-flex wp-block-gallery-is-layout-flex\">\n<figure class=\"wp-block-image size-large\"><a href=\"https:\/\/www.beaufort-athletisme.fr\/wp-content\/uploads\/2025\/11\/PI3.jpg\"><img loading=\"lazy\" decoding=\"async\" width=\"1024\" height=\"768\" data-id=\"6638\" src=\"https:\/\/www.beaufort-athletisme.fr\/wp-content\/uploads\/2025\/11\/PI3-1024x768.jpg\" alt class=\"wp-image-6638\" srcset=\"http:\/\/www.beaufort-athletisme.fr\/wp-content\/uploads\/2025\/11\/PI3-1024x768.jpg 1024w, http:\/\/www.beaufort-athletisme.fr\/wp-content\/uploads\/2025\/11\/PI3-300x225.jpg 300w, http:\/\/www.beaufort-athletisme.fr\/wp-content\/uploads\/2025\/11\/PI3-768x576.jpg 768w, http:\/\/www.beaufort-athletisme.fr\/wp-content\/uploads\/2025\/11\/PI3-1536x1152.jpg 1536w, http:\/\/www.beaufort-athletisme.fr\/wp-content\/uploads\/2025\/11\/PI3-2048x1536.jpg 2048w, http:\/\/www.beaufort-athletisme.fr\/wp-content\/uploads\/2025\/11\/PI3-900x675.jpg 900w, http:\/\/www.beaufort-athletisme.fr\/wp-content\/uploads\/2025\/11\/PI3-1280x960.jpg 1280w\" sizes=\"auto, (max-width: 1024px) 100vw, 1024px\"><\/a><\/figure>\n\n\n\n<figure class=\"wp-block-image size-large\"><a href=\"https:\/\/www.beaufort-athletisme.fr\/wp-content\/uploads\/2025\/11\/Pi1.jpg\"><img loading=\"lazy\" decoding=\"async\" width=\"1024\" height=\"768\" data-id=\"6639\" src=\"https:\/\/www.beaufort-athletisme.fr\/wp-content\/uploads\/2025\/11\/Pi1-1024x768.jpg\" alt class=\"wp-image-6639\" srcset=\"http:\/\/www.beaufort-athletisme.fr\/wp-content\/uploads\/2025\/11\/Pi1-1024x768.jpg 1024w, http:\/\/www.beaufort-athletisme.fr\/wp-content\/uploads\/2025\/11\/Pi1-300x225.jpg 300w, http:\/\/www.beaufort-athletisme.fr\/wp-content\/uploads\/2025\/11\/Pi1-768x576.jpg 768w, http:\/\/www.beaufort-athletisme.fr\/wp-content\/uploads\/2025\/11\/Pi1-1536x1152.jpg 1536w, http:\/\/www.beaufort-athletisme.fr\/wp-content\/uploads\/2025\/11\/Pi1-2048x1536.jpg 2048w, http:\/\/www.beaufort-athletisme.fr\/wp-content\/uploads\/2025\/11\/Pi1-900x675.jpg 900w, http:\/\/www.beaufort-athletisme.fr\/wp-content\/uploads\/2025\/11\/Pi1-1280x960.jpg 1280w\" sizes=\"auto, (max-width: 1024px) 100vw, 1024px\"><\/a><\/figure>\n\n\n\n<figure class=\"wp-block-image size-large\"><a href=\"https:\/\/www.beaufort-athletisme.fr\/wp-content\/uploads\/2025\/11\/Pi4.jpg\"><img loading=\"lazy\" decoding=\"async\" width=\"785\" height=\"1024\" data-id=\"6637\" src=\"https:\/\/www.beaufort-athletisme.fr\/wp-content\/uploads\/2025\/11\/Pi4-785x1024.jpg\" alt class=\"wp-image-6637\" srcset=\"http:\/\/www.beaufort-athletisme.fr\/wp-content\/uploads\/2025\/11\/Pi4-785x1024.jpg 785w, http:\/\/www.beaufort-athletisme.fr\/wp-content\/uploads\/2025\/11\/Pi4-230x300.jpg 230w, http:\/\/www.beaufort-athletisme.fr\/wp-content\/uploads\/2025\/11\/Pi4-768x1001.jpg 768w, http:\/\/www.beaufort-athletisme.fr\/wp-content\/uploads\/2025\/11\/Pi4-1178x1536.jpg 1178w, http:\/\/www.beaufort-athletisme.fr\/wp-content\/uploads\/2025\/11\/Pi4-900x1174.jpg 900w, http:\/\/www.beaufort-athletisme.fr\/wp-content\/uploads\/2025\/11\/Pi4.jpg 1227w\" sizes=\"auto, (max-width: 785px) 100vw, 785px\"><\/a><\/figure>\n<\/figure>\n\n\n\n<p><a href=\"https:\/\/cadupayssaumurois.assoconnect.com\/articles\/192488-nicolas-vitre-vainqueur-du-courrier-de-l-ouest-competitions-du-mois\" target=\"_blank\" rel=\"noreferrer noopener\">L\u2019ar\u00adti\u00adcle du CAPS sur les per\u00adfor\u00admances des derni\u00e8res semaines<\/a><\/p>\n\n\n\n<hr class=\"wp-block-separator has-alpha-channel-opacity\">\n\n\n\n<p><strong><span style=\"text-decoration: underline;\">Prochain cross ouvert \u00e0 par\u00adtir de la cat\u00e9\u00adgorie poussin-e\u2011s :<\/span><\/strong><\/p>\n\n\n\n<p><strong>Dimanche 7 d\u00e9cem\u00adbre 2025 <\/strong>: d\u00e9parte\u00admen\u00adtal cross court \u00e0 Seg\u00adr\u00e9 \u2014 <a href=\"https:\/\/www.athletisme-esshautanjou.fr\/saison-2025-2026\/actualites-du-club\/cross-de-segre-2025-1218860\" target=\"_blank\" rel=\"noreferrer noopener\">inscrip\u00adtion et infor\u00adma\u00adtions<\/a><\/p>\n\n\n\n<p>Idem, le cross d\u00e9parte\u00admen\u00adtal qui aura lieu le <strong>dimanche 11 jan\u00advi\u00ader 2026 <\/strong>\u00e0 Saint-Macaire-en-Mauges aura \u00e9gale\u00adment des cours\u00ades pour les poussin-e\u2011s, en plus des cat\u00e9\u00adgories sup\u00e9rieures.<\/p>\n","protected":false},"excerpt":{"rendered":"<p>Tous les r\u00e9sul\u00adtats du cross de ce 11 novem\u00adbre 2025 Les arriv\u00e9es en vid\u00e9o La d\u00e9l\u00e9\u00adga\u00adtion de l\u2019US Beau\u00adfort Ath\u00adl\u00e9tisme \u00e9tait plut\u00f4t faible en nom\u00adbre cette sai\u00adson; mais que de belles sur\u00adpris\u00ades quant aux per\u00adfor\u00admances r\u00e9al\u00adis\u00e9es qui illus\u00adtrent une den\u00adsit\u00e9 excep\u00adtion\u00adnelle de bons \u00e9l\u00e9\u00adments sur le demi-fond\/\u00ad\u00adfond au sein du club : \u2011Eloise CERCLEUX 5e [\u2026]<\/p>\n","protected":false},"author":1,"featured_media":0,"comment_status":"closed","ping_status":"closed","sticky":false,"template":"","format":"standard","meta":{"wp_typography_post_enhancements_disabled":false,"footnotes":""},"categories":[11],"tags":[],"class_list":["post-6629","post","type-post","status-publish","format-standard","hentry","category-actualite"],"featured_image_src":null,"author_info":{"display_name":"admin","author_link":"http:\/\/www.beaufort-athletisme.fr\/?author=1"},"_links":{"self":[{"href":"http:\/\/www.beaufort-athletisme.fr\/index.php?rest_route=\/wp\/v2\/posts\/6629","targetHints":{"allow":["GET"]}}],"collection":[{"href":"http:\/\/www.beaufort-athletisme.fr\/index.php?rest_route=\/wp\/v2\/posts"}],"about":[{"href":"http:\/\/www.beaufort-athletisme.fr\/index.php?rest_route=\/wp\/v2\/types\/post"}],"author":[{"embeddable":true,"href":"http:\/\/www.beaufort-athletisme.fr\/index.php?rest_route=\/wp\/v2\/users\/1"}],"replies":[{"embeddable":true,"href":"http:\/\/www.beaufort-athletisme.fr\/index.php?rest_route=%2Fwp%2Fv2%2Fcomments&post=6629"}],"version-history":[{"count":3,"href":"http:\/\/www.beaufort-athletisme.fr\/index.php?rest_route=\/wp\/v2\/posts\/6629\/revisions"}],"predecessor-version":[{"id":6641,"href":"http:\/\/www.beaufort-athletisme.fr\/index.php?rest_route=\/wp\/v2\/posts\/6629\/revisions\/6641"}],"wp:attachment":[{"href":"http:\/\/www.beaufort-athletisme.fr\/index.php?rest_route=%2Fwp%2Fv2%2Fmedia&parent=6629"}],"wp:term":[{"taxonomy":"category","embeddable":true,"href":"http:\/\/www.beaufort-athletisme.fr\/index.php?rest_route=%2Fwp%2Fv2%2Fcategories&post=6629"},{"taxonomy":"post_tag","embeddable":true,"href":"http:\/\/www.beaufort-athletisme.fr\/index.php?rest_route=%2Fwp%2Fv2%2Ftags&post=6629"}],"curies":[{"name":"wp","href":"https:\/\/api.w.org\/{rel}","templated":true}]}}