{"id":6630,"date":"2025-11-12T15:06:11","date_gmt":"2025-11-12T14:06:11","guid":{"rendered":"https:\/\/www.beaufort-athletisme.fr\/?p=6630"},"modified":"2025-11-12T15:06:12","modified_gmt":"2025-11-12T14:06:12","slug":"u14-et-plus-entrainements-dendurance-cross","status":"publish","type":"post","link":"http:\/\/www.beaufort-athletisme.fr\/?p=6630","title":{"rendered":"U14 et plus, entra\u00eenements d\u2019endurance\/cross"},"content":{"rendered":"\n<p>Pour les ath\u00adl\u00e8tes qui souhait\u00aderaient davan\u00adtage s\u2019en\u00adtra\u00een\u00ader sur de l\u2019<strong>endurance\/cross<\/strong>&nbsp;les mer\u00adcre\u00addis \u00e0 venir avec Yohann (d\u00e8s aujour\u00add\u2019hui 12 novem\u00adbre) par\u00admi les cat\u00e9\u00adgories ben\u00adjamin-e\u2011s, min\u00adimes, cadet(te)s et plus (entra\u00eene\u00adment de 18h30 \u00e0 20h00); il faut amen\u00ader&nbsp;<strong>un gilet jaune<\/strong>, ain\u00adsi qu\u2019une&nbsp;<strong>lampe frontale<\/strong>.<\/p>\n\n\n\n<p>Les par\u00adents des ath\u00adl\u00e8tes con\u00adcern\u00e9s r\u00e9cup\u00e9reront les jeunes au stade \u00e0 la fin de l\u2019en\u00adtra\u00eene\u00adment.<\/p>\n\n\n\n<p>Pour tous, aucun change\u00adment, le lieu de ren\u00addez-vous est le gym\u00adnase de la val\u00adl\u00e9e \u00e0 18h30.<\/p>\n","protected":false},"excerpt":{"rendered":"<p>Pour les ath\u00adl\u00e8tes qui souhait\u00aderaient davan\u00adtage s\u2019en\u00adtra\u00een\u00ader sur de l\u2019endurance\/cross&nbsp;les mer\u00adcre\u00addis \u00e0 venir avec Yohann (d\u00e8s aujour\u00add\u2019hui 12 novem\u00adbre) par\u00admi les cat\u00e9\u00adgories ben\u00adjamin\u2011e\u2011s, min\u00adimes, cadet(te)s et plus (entra\u00eene\u00adment de 18h30 \u00e0 20h00); il faut amen\u00ader&nbsp;un gilet jaune, ain\u00adsi qu\u2019une&nbsp;lampe frontale. Les par\u00adents des ath\u00adl\u00e8tes con\u00adcern\u00e9s r\u00e9cup\u00e9reront les jeunes au stade \u00e0 la fin de l\u2019en\u00adtra\u00eene\u00adment. [\u2026]<\/p>\n","protected":false},"author":1,"featured_media":0,"comment_status":"closed","ping_status":"closed","sticky":false,"template":"","format":"standard","meta":{"wp_typography_post_enhancements_disabled":false,"footnotes":""},"categories":[11],"tags":[],"class_list":["post-6630","post","type-post","status-publish","format-standard","hentry","category-actualite"],"featured_image_src":null,"author_info":{"display_name":"admin","author_link":"http:\/\/www.beaufort-athletisme.fr\/?author=1"},"_links":{"self":[{"href":"http:\/\/www.beaufort-athletisme.fr\/index.php?rest_route=\/wp\/v2\/posts\/6630","targetHints":{"allow":["GET"]}}],"collection":[{"href":"http:\/\/www.beaufort-athletisme.fr\/index.php?rest_route=\/wp\/v2\/posts"}],"about":[{"href":"http:\/\/www.beaufort-athletisme.fr\/index.php?rest_route=\/wp\/v2\/types\/post"}],"author":[{"embeddable":true,"href":"http:\/\/www.beaufort-athletisme.fr\/index.php?rest_route=\/wp\/v2\/users\/1"}],"replies":[{"embeddable":true,"href":"http:\/\/www.beaufort-athletisme.fr\/index.php?rest_route=%2Fwp%2Fv2%2Fcomments&post=6630"}],"version-history":[{"count":1,"href":"http:\/\/www.beaufort-athletisme.fr\/index.php?rest_route=\/wp\/v2\/posts\/6630\/revisions"}],"predecessor-version":[{"id":6631,"href":"http:\/\/www.beaufort-athletisme.fr\/index.php?rest_route=\/wp\/v2\/posts\/6630\/revisions\/6631"}],"wp:attachment":[{"href":"http:\/\/www.beaufort-athletisme.fr\/index.php?rest_route=%2Fwp%2Fv2%2Fmedia&parent=6630"}],"wp:term":[{"taxonomy":"category","embeddable":true,"href":"http:\/\/www.beaufort-athletisme.fr\/index.php?rest_route=%2Fwp%2Fv2%2Fcategories&post=6630"},{"taxonomy":"post_tag","embeddable":true,"href":"http:\/\/www.beaufort-athletisme.fr\/index.php?rest_route=%2Fwp%2Fv2%2Ftags&post=6630"}],"curies":[{"name":"wp","href":"https:\/\/api.w.org\/{rel}","templated":true}]}}