{"id":6644,"date":"2025-11-19T06:54:28","date_gmt":"2025-11-19T05:54:28","guid":{"rendered":"https:\/\/www.beaufort-athletisme.fr\/?p=6644"},"modified":"2025-11-19T06:54:29","modified_gmt":"2025-11-19T05:54:29","slug":"athletic-be-challenge","status":"publish","type":"post","link":"http:\/\/www.beaufort-athletisme.fr\/?p=6644","title":{"rendered":"Athletic BE CHALLENGE"},"content":{"rendered":"\n<p><span style=\"text-decoration: underline;\">Pour les U14 \/ benjamin(e)s :<\/span><\/p>\n\n\n\n<p>La 1ere ren\u00adcon\u00adtre benjamin(e)s pour chaque sec\u00adtion du CAPS&nbsp;se d\u00e9roulera <strong>le same\u00addi 29 novem\u00adbre 2025<\/strong>, au&nbsp;<strong>stade de l\u2019\u00cele Offard \u00e0 Saumur<\/strong>.<\/p>\n\n\n\n<p><img decoding=\"async\" alt=\"\ud83d\udccd\" src=\"https:\/\/fonts.gstatic.com\/s\/e\/notoemoji\/16.0\/1f4cd\/72.png\">&nbsp;<strong>RDV \u00e0 13h45 au stade<\/strong><br><img decoding=\"async\" alt=\"\u23f1\" src=\"https:\/\/fonts.gstatic.com\/s\/e\/notoemoji\/16.0\/23f1\/72.png\">&nbsp;<strong>D\u00e9but des \u00e9preuves : 14h00<\/strong><br><img decoding=\"async\" alt=\"\ud83c\udfc1\" src=\"https:\/\/fonts.gstatic.com\/s\/e\/notoemoji\/16.0\/1f3c1\/72.png\">&nbsp;<strong>Fin estim\u00e9e : entre 16h00 et 16h30<\/strong><\/p>\n\n\n\n<p>Cette ren\u00adcon\u00adtre servi\u00adra de pr\u00e9\u00adpa\u00adra\u00adtion aux&nbsp;<strong>cham\u00adpi\u00adonnats d\u00e9parte\u00admen\u00adtaux indoor<\/strong>, qui se d\u00e9rouleront au&nbsp;<strong>gym\u00adnase Jean-Cha\u00adcun \u00e0 Saumur<\/strong>, le&nbsp;<strong>14 d\u00e9cem\u00adbre 2025<\/strong>.<\/p>\n\n\n\n<p>Afin de nous organ\u00adis\u00ader au mieux, mer\u00adci de com\u00adpl\u00e9ter le for\u00admu\u00adlaire ci-dessous :<br><img decoding=\"async\" alt=\"\ud83d\udc49\" src=\"https:\/\/fonts.gstatic.com\/s\/e\/notoemoji\/16.0\/1f449\/72.png\">&nbsp;&nbsp;<a href=\"https:\/\/forms.gle\/iXKZdpr1kGmCySU26\" target=\"_blank\" rel=\"noreferrer noopener\">https:\/\/forms.gle\/iXKZdpr1kGmCySU26<\/a><\/p>\n\n\n\n<p>Sportive\u00adment,<br>les entra\u00eeneurs&nbsp;de l\u2019US\u00adBA<\/p>\n","protected":false},"excerpt":{"rendered":"<p>Pour les U14 \/ benjamin(e)s : La 1ere ren\u00adcon\u00adtre benjamin(e)s pour chaque sec\u00adtion du CAPS&nbsp;se d\u00e9roulera le same\u00addi 29 novem\u00adbre 2025, au&nbsp;stade de l\u2019\u00cele Offard \u00e0 Saumur. &nbsp;RDV \u00e0 13h45 au stade&nbsp;D\u00e9but des \u00e9preuves : 14h00&nbsp;Fin estim\u00e9e : entre 16h00 et 16h30 Cette ren\u00adcon\u00adtre servi\u00adra de pr\u00e9\u00adpa\u00adra\u00adtion aux&nbsp;cham\u00adpi\u00adonnats d\u00e9parte\u00admen\u00adtaux indoor, qui se d\u00e9rouleront au&nbsp;gym\u00adnase Jean-Cha\u00ad\u00adcun [\u2026]<\/p>\n","protected":false},"author":1,"featured_media":0,"comment_status":"closed","ping_status":"closed","sticky":false,"template":"","format":"standard","meta":{"wp_typography_post_enhancements_disabled":false,"footnotes":""},"categories":[11],"tags":[],"class_list":["post-6644","post","type-post","status-publish","format-standard","hentry","category-actualite"],"featured_image_src":null,"author_info":{"display_name":"admin","author_link":"http:\/\/www.beaufort-athletisme.fr\/?author=1"},"_links":{"self":[{"href":"http:\/\/www.beaufort-athletisme.fr\/index.php?rest_route=\/wp\/v2\/posts\/6644","targetHints":{"allow":["GET"]}}],"collection":[{"href":"http:\/\/www.beaufort-athletisme.fr\/index.php?rest_route=\/wp\/v2\/posts"}],"about":[{"href":"http:\/\/www.beaufort-athletisme.fr\/index.php?rest_route=\/wp\/v2\/types\/post"}],"author":[{"embeddable":true,"href":"http:\/\/www.beaufort-athletisme.fr\/index.php?rest_route=\/wp\/v2\/users\/1"}],"replies":[{"embeddable":true,"href":"http:\/\/www.beaufort-athletisme.fr\/index.php?rest_route=%2Fwp%2Fv2%2Fcomments&post=6644"}],"version-history":[{"count":1,"href":"http:\/\/www.beaufort-athletisme.fr\/index.php?rest_route=\/wp\/v2\/posts\/6644\/revisions"}],"predecessor-version":[{"id":6645,"href":"http:\/\/www.beaufort-athletisme.fr\/index.php?rest_route=\/wp\/v2\/posts\/6644\/revisions\/6645"}],"wp:attachment":[{"href":"http:\/\/www.beaufort-athletisme.fr\/index.php?rest_route=%2Fwp%2Fv2%2Fmedia&parent=6644"}],"wp:term":[{"taxonomy":"category","embeddable":true,"href":"http:\/\/www.beaufort-athletisme.fr\/index.php?rest_route=%2Fwp%2Fv2%2Fcategories&post=6644"},{"taxonomy":"post_tag","embeddable":true,"href":"http:\/\/www.beaufort-athletisme.fr\/index.php?rest_route=%2Fwp%2Fv2%2Ftags&post=6644"}],"curies":[{"name":"wp","href":"https:\/\/api.w.org\/{rel}","templated":true}]}}