{"id":6678,"date":"2025-11-26T03:44:54","date_gmt":"2025-11-26T02:44:54","guid":{"rendered":"https:\/\/www.beaufort-athletisme.fr\/?p=6678"},"modified":"2025-11-27T11:21:33","modified_gmt":"2025-11-27T10:21:33","slug":"une-semaine-performante","status":"publish","type":"post","link":"http:\/\/www.beaufort-athletisme.fr\/?p=6678","title":{"rendered":"Une semaine performante"},"content":{"rendered":"\n<p><strong>Anouk SUBILEAU<\/strong> a ma\u00eetris\u00e9 sa copie dans la course des 2013 au cross r\u00e9gion\u00adal UGSEL qui se d\u00e9roulait \u00e0 La Roche sur Yon. Elle a affron\u00adt\u00e9 la pente finale du par\u00adcours en acc\u00e9l\u00e9rant pro\u00adgres\u00adsive\u00adment pour ter\u00admin\u00ader la course de 1 900m \u00e0 la 4e place, syn\u00adonyme de <strong>qual\u00adi\u00adfi\u00adca\u00adtion pour le nation\u00adal de cross UGSEL<\/strong> qui se tien\u00addra le 9 d\u00e9cem\u00adbre \u00e0 La-Chapelle-sur-Erdre.<\/p>\n\n\n\n<p>Chez les 2014, <strong>L\u00e9on THEGNER<\/strong> ter\u00admine \u00e0 la 37e place sur 217 coureurs.<\/p>\n\n\n\n<hr class=\"wp-block-separator has-alpha-channel-opacity is-style-dots\">\n\n\n\n<p>Le dimanche 23 novem\u00adbre, les ath\u00adl\u00e8tes de l\u2019US Beau\u00adfort Ath\u00adl\u00e9tisme ont obtenu de belles sat\u00adis\u00adfac\u00adtions au sta\u00addi\u00adum Pierre Quinon sur les 2 com\u00adp\u00e9ti\u00adtions qui y \u00e9taient organ\u00adis\u00e9es : les pr\u00e9-r\u00e9gionaux anneau pour les U18 et plus et les \u00e9preuves com\u00adbin\u00e9es en salle U16.<\/p>\n\n\n\n<p>Une m\u00e9daille d\u2019or et deux m\u00e9dailles de bronze ont \u00e9t\u00e9 rem\u00adport\u00e9es \u00e0 l\u2019oc\u00adca\u00adsion de ces cham\u00adpi\u00adonnats :<\/p>\n\n\n\n<p>-<strong>Alban LEBOUTEILLER<\/strong> devient cham\u00adpi\u00adon d\u00e9parte\u00admen\u00adtal du lancer de poids avec un meilleur lancer \u00e0 12m29<\/p>\n\n\n\n<p>-<strong>Jules THEGNER<\/strong> prend la 3e place du triple-saut avec une per\u00adfor\u00admance de 11m30 (nou\u00adveau record per\u00adson\u00adnel). Il r\u00e9alise \u00e9gale\u00adment le dou\u00adble tour de piste courte soit 400m en 58\u2032\u201906. La qual\u00adi\u00adfi\u00adca\u00adtion aux r\u00e9gionaux s\u2019an\u00adnonce ser\u00adr\u00e9e; il fau\u00addra atten\u00addre la sor\u00adtie des bilans !<\/p>\n\n\n\n<p>-<strong>Elyes REGUEI LORENZI<\/strong> a four\u00adnit un bel effort tout au long de la journ\u00e9e sur le pen\u00adtathlon pour ter\u00admin\u00ader 3e avec 2025pts (8\u2032\u201995 au 50m haies, 4m80 en longueur, et 3\u203224\u2033 au 1 000m, entre autres).<\/p>\n\n\n\n<p>Sur le pen\u00adtathlon, Elyes a \u00e9t\u00e9 port\u00e9 et soutenu tout au long de l\u2019ef\u00adfort par ses cama\u00adrades : <strong>Gui\u00addo PIVERT<\/strong> a fait preuve d\u2019une belle com\u00adbat\u00adiv\u00adit\u00e9 sur le saut en hau\u00adteur pour franchir 1m56 et ter\u00admin\u00ader 2e du con\u00adcours. H\u00e9las, il passe \u00e0 c\u00f4t\u00e9 de sa longueur et perd de pr\u00e9\u00adcieux points dans le classe\u00adment g\u00e9n\u00e9ral. <strong>Bap\u00adtiste AUDION <\/strong>(min\u00adime 1ere ann\u00e9e) a bat\u00adtu ses records per\u00adson\u00adnels sur le saut en longueur avec 4m15 et le lancer de poids avec 7m80.<\/p>\n\n\n\n<p>Excel\u00adlente journ\u00e9e pour <strong>Zo\u00e9 BOURIGAULT<\/strong> avec 4 records per\u00adson\u00adnels : 9\u201c35 au 60m, 13\u201c54 au 60m haies, 32\u201c20 au 200m et 4m02 au saut en longueur.<\/p>\n\n\n\n<p><strong>Eleonore BURGEVIN<\/strong> signe un joli 9\u201c35 sur le 60m et un saut en longueur \u00e0 3m69.<\/p>\n\n\n\n<p><strong>L\u00e9o DUPONT<\/strong> qui \u00e9tait engag\u00e9 \u00e0 la perche n\u2019a pas r\u00e9us\u00adsi son entr\u00e9e en con\u00adcours, avec une pre\u00admi\u00e8re barre volon\u00adtaire\u00adment plac\u00e9e haut \u00e0 4m70.<\/p>\n\n\n\n<hr class=\"wp-block-separator has-alpha-channel-opacity is-style-dots\">\n\n\n\n<p>Ce same\u00addi 29 novem\u00adbre, <strong>L\u00e9on THEGNER<\/strong> par\u00adticipera \u00e0 la ren\u00adcon\u00adtre ben\u00adjamins du CAPS BE Chal\u00adlenge au stade de Saumur.<\/p>\n\n\n\n<hr class=\"wp-block-separator has-alpha-channel-opacity\">\n\n\n\n<p><a href=\"https:\/\/cadupayssaumurois.assoconnect.com\/articles\/194129-championnats-departementaux-cross-international-allonnes-lancers-avoine\" target=\"_blank\" rel=\"noreferrer noopener\">L\u2019ar\u00adti\u00adcle de la semaine du CAPS<\/a> avec un retour sur les derni\u00e8res com\u00adp\u00e9ti\u00adtions de Nantes et Avoine<\/p>\n","protected":false},"excerpt":{"rendered":"<p>Anouk SUBILEAU a ma\u00eetris\u00e9 sa copie dans la course des 2013 au cross r\u00e9gion\u00adal UGSEL qui se d\u00e9roulait \u00e0 La Roche sur Yon. Elle a affron\u00adt\u00e9 la pente finale du par\u00adcours en acc\u00e9l\u00e9rant pro\u00adgres\u00adsive\u00adment pour ter\u00admin\u00ader la course de 1 900m \u00e0 la 4e place, syn\u00adonyme de qual\u00adi\u00adfi\u00adca\u00adtion pour le nation\u00adal de cross UGSEL qui [\u2026]<\/p>\n","protected":false},"author":1,"featured_media":0,"comment_status":"closed","ping_status":"closed","sticky":false,"template":"","format":"standard","meta":{"wp_typography_post_enhancements_disabled":false,"footnotes":""},"categories":[11],"tags":[],"class_list":["post-6678","post","type-post","status-publish","format-standard","hentry","category-actualite"],"featured_image_src":null,"author_info":{"display_name":"admin","author_link":"http:\/\/www.beaufort-athletisme.fr\/?author=1"},"_links":{"self":[{"href":"http:\/\/www.beaufort-athletisme.fr\/index.php?rest_route=\/wp\/v2\/posts\/6678","targetHints":{"allow":["GET"]}}],"collection":[{"href":"http:\/\/www.beaufort-athletisme.fr\/index.php?rest_route=\/wp\/v2\/posts"}],"about":[{"href":"http:\/\/www.beaufort-athletisme.fr\/index.php?rest_route=\/wp\/v2\/types\/post"}],"author":[{"embeddable":true,"href":"http:\/\/www.beaufort-athletisme.fr\/index.php?rest_route=\/wp\/v2\/users\/1"}],"replies":[{"embeddable":true,"href":"http:\/\/www.beaufort-athletisme.fr\/index.php?rest_route=%2Fwp%2Fv2%2Fcomments&post=6678"}],"version-history":[{"count":2,"href":"http:\/\/www.beaufort-athletisme.fr\/index.php?rest_route=\/wp\/v2\/posts\/6678\/revisions"}],"predecessor-version":[{"id":6680,"href":"http:\/\/www.beaufort-athletisme.fr\/index.php?rest_route=\/wp\/v2\/posts\/6678\/revisions\/6680"}],"wp:attachment":[{"href":"http:\/\/www.beaufort-athletisme.fr\/index.php?rest_route=%2Fwp%2Fv2%2Fmedia&parent=6678"}],"wp:term":[{"taxonomy":"category","embeddable":true,"href":"http:\/\/www.beaufort-athletisme.fr\/index.php?rest_route=%2Fwp%2Fv2%2Fcategories&post=6678"},{"taxonomy":"post_tag","embeddable":true,"href":"http:\/\/www.beaufort-athletisme.fr\/index.php?rest_route=%2Fwp%2Fv2%2Ftags&post=6678"}],"curies":[{"name":"wp","href":"https:\/\/api.w.org\/{rel}","templated":true}]}}