{"id":6699,"date":"2025-12-13T22:21:42","date_gmt":"2025-12-13T21:21:42","guid":{"rendered":"https:\/\/www.beaufort-athletisme.fr\/?p=6699"},"modified":"2025-12-18T14:21:42","modified_gmt":"2025-12-18T13:21:42","slug":"entrainement-samedi-20-decembre","status":"publish","type":"post","link":"https:\/\/www.beaufort-athletisme.fr\/?p=6699","title":{"rendered":"Entra\u00eenement samedi 20 d\u00e9cembre"},"content":{"rendered":"\n<p>Il y aura finale\u00adment bien un dernier entra\u00eene\u00adment le <strong>same\u00addi 20 d\u00e9cem\u00adbre<\/strong> apr\u00e8s-midi, pour bien d\u00e9buter les vacances sco\u00adlaires ! Aux horaires habituels pour les deux cr\u00e9neaux d\u2019en\u00adtra\u00eene\u00adment sur le stade Roger Ser\u00adreau de Beau\u00adfort-en-Anjou.<\/p>\n\n\n\n<p>Ensuite le retour aux entra\u00eene\u00adments s\u2019ef\u00adfectuera le mer\u00adcre\u00addi 7 jan\u00advi\u00ader 2026. Rap\u00adpel, les inscrip\u00adtions pour le cross d\u00e9parte\u00admen\u00adtal sont ouvertes \u00e0 par\u00adtir de la cat\u00e9\u00adgorie U10\/poussin(e)s.<\/p>\n\n\n\n<p>Vous avez re\u00e7u un mail pour com\u00adman\u00adder les mail\u00adlots de com\u00adp\u00e9ti\u00adtion pour celles et ceux int\u00e9ress\u00e9s pour repr\u00e9sen\u00adter les couleurs du club sur les prochaines \u00e9ch\u00e9ances. La r\u00e9ponse est atten\u00addue avant la fin du mois.<\/p>\n\n\n\n<p>Nous souhaitons d\u2019ex\u00adcel\u00adlentes f\u00eates pour tous ceux que nous ne revoyons pas d\u2019i\u00adci l\u00e0.<\/p>\n","protected":false},"excerpt":{"rendered":"<p>Il y aura finale\u00adment bien un dernier entra\u00eene\u00adment le same\u00addi 20 d\u00e9cem\u00adbre apr\u00e8s-midi, pour bien d\u00e9buter les vacances sco\u00adlaires ! Aux horaires habituels pour les deux cr\u00e9neaux d\u2019en\u00adtra\u00eene\u00adment sur le stade Roger Ser\u00adreau de Beau\u00ad\u00adfort-en-Anjou. Ensuite le retour aux entra\u00eene\u00adments s\u2019ef\u00adfectuera le mer\u00adcre\u00addi 7 jan\u00advi\u00ader 2026. Rap\u00adpel, les inscrip\u00adtions pour le cross d\u00e9parte\u00admen\u00adtal sont ouvertes [\u2026]<\/p>\n","protected":false},"author":1,"featured_media":0,"comment_status":"closed","ping_status":"closed","sticky":false,"template":"","format":"standard","meta":{"wp_typography_post_enhancements_disabled":false,"footnotes":""},"categories":[11],"tags":[],"class_list":["post-6699","post","type-post","status-publish","format-standard","hentry","category-actualite"],"featured_image_src":null,"author_info":{"display_name":"admin","author_link":"https:\/\/www.beaufort-athletisme.fr\/?author=1"},"_links":{"self":[{"href":"https:\/\/www.beaufort-athletisme.fr\/index.php?rest_route=\/wp\/v2\/posts\/6699","targetHints":{"allow":["GET"]}}],"collection":[{"href":"https:\/\/www.beaufort-athletisme.fr\/index.php?rest_route=\/wp\/v2\/posts"}],"about":[{"href":"https:\/\/www.beaufort-athletisme.fr\/index.php?rest_route=\/wp\/v2\/types\/post"}],"author":[{"embeddable":true,"href":"https:\/\/www.beaufort-athletisme.fr\/index.php?rest_route=\/wp\/v2\/users\/1"}],"replies":[{"embeddable":true,"href":"https:\/\/www.beaufort-athletisme.fr\/index.php?rest_route=%2Fwp%2Fv2%2Fcomments&post=6699"}],"version-history":[{"count":2,"href":"https:\/\/www.beaufort-athletisme.fr\/index.php?rest_route=\/wp\/v2\/posts\/6699\/revisions"}],"predecessor-version":[{"id":6703,"href":"https:\/\/www.beaufort-athletisme.fr\/index.php?rest_route=\/wp\/v2\/posts\/6699\/revisions\/6703"}],"wp:attachment":[{"href":"https:\/\/www.beaufort-athletisme.fr\/index.php?rest_route=%2Fwp%2Fv2%2Fmedia&parent=6699"}],"wp:term":[{"taxonomy":"category","embeddable":true,"href":"https:\/\/www.beaufort-athletisme.fr\/index.php?rest_route=%2Fwp%2Fv2%2Fcategories&post=6699"},{"taxonomy":"post_tag","embeddable":true,"href":"https:\/\/www.beaufort-athletisme.fr\/index.php?rest_route=%2Fwp%2Fv2%2Ftags&post=6699"}],"curies":[{"name":"wp","href":"https:\/\/api.w.org\/{rel}","templated":true}]}}