{"id":6823,"date":"2026-04-27T12:57:45","date_gmt":"2026-04-27T11:57:45","guid":{"rendered":"https:\/\/www.beaufort-athletisme.fr\/?p=6823"},"modified":"2026-04-27T12:57:46","modified_gmt":"2026-04-27T11:57:46","slug":"%f0%9f%94%a5-un-tres-beau-week-end-de-competition-pour-nos-athletes-entre-bayeux-et-segre-%f0%9f%94%a5","status":"publish","type":"post","link":"https:\/\/www.beaufort-athletisme.fr\/?p=6823","title":{"rendered":"\ud83d\udd25 Un tr\u00e8s beau week-end de comp\u00e9tition pour nos athl\u00e8tes entre Bayeux et Segr\u00e9 ! \ud83d\udd25"},"content":{"rendered":"\n<p>Le week-end a une nou\u00advelle fois \u00e9t\u00e9 riche en per\u00adfor\u00admances pour nos ath\u00adl\u00e8tes, engag\u00e9s \u00e0 la fois sur les \u00c9preuves Com\u00adbin\u00e9es Min\u00adimes \u00e0 Bayeux et sur les Cham\u00adpi\u00adonnats D\u00e9parte\u00admen\u00adtaux \u00e0 Seg\u00adr\u00e9. Entre records per\u00adson\u00adnels, podi\u00adums et belles con\u00adfir\u00adma\u00adtions, cha\u00adcun a su d\u00e9fendre fi\u00e8re\u00adment les couleurs du club.<\/p>\n\n\n\n<p><strong>Les min\u00adimes en forme sur les \u00c9preuves Com\u00adbin\u00e9es \u00e0 Bayeux<\/strong><\/p>\n\n\n\n<p>Trois de nos jeunes min\u00adimes \u00e9taient engag\u00e9s sur les \u00e9preuves com\u00adbin\u00e9es, une dis\u00adci\u00adpline par\u00adti\u00adc\u00aduli\u00e8re\u00adment exigeante qui demande poly\u00adva\u00adlence, r\u00e9gu\u00adlar\u00adit\u00e9 et beau\u00adcoup d\u2019engagement. Sprint, haies, sauts, lancers et demi-fond : il faut savoir \u00eatre per\u00adfor\u00admant partout !<\/p>\n\n\n<div class=\"wp-block-image\">\n<figure class=\"alignleft size-large is-resized\"><a href=\"https:\/\/www.beaufort-athletisme.fr\/wp-content\/uploads\/2026\/04\/VDH8943-scaled.jpg\"><img loading=\"lazy\" decoding=\"async\" width=\"678\" height=\"1024\" src=\"https:\/\/www.beaufort-athletisme.fr\/wp-content\/uploads\/2026\/04\/VDH8943-678x1024.jpg\" alt class=\"wp-image-6825\" style=\"aspect-ratio:0.66211138877724;width:230px;height:auto\" srcset=\"https:\/\/www.beaufort-athletisme.fr\/wp-content\/uploads\/2026\/04\/VDH8943-678x1024.jpg 678w, https:\/\/www.beaufort-athletisme.fr\/wp-content\/uploads\/2026\/04\/VDH8943-199x300.jpg 199w, https:\/\/www.beaufort-athletisme.fr\/wp-content\/uploads\/2026\/04\/VDH8943-768x1160.jpg 768w, https:\/\/www.beaufort-athletisme.fr\/wp-content\/uploads\/2026\/04\/VDH8943-1017x1536.jpg 1017w, https:\/\/www.beaufort-athletisme.fr\/wp-content\/uploads\/2026\/04\/VDH8943-1356x2048.jpg 1356w, https:\/\/www.beaufort-athletisme.fr\/wp-content\/uploads\/2026\/04\/VDH8943-900x1359.jpg 900w, https:\/\/www.beaufort-athletisme.fr\/wp-content\/uploads\/2026\/04\/VDH8943-1280x1933.jpg 1280w, https:\/\/www.beaufort-athletisme.fr\/wp-content\/uploads\/2026\/04\/VDH8943-scaled.jpg 1696w\" sizes=\"auto, (max-width: 678px) 100vw, 678px\"><\/a><\/figure>\n<\/div>\n\n\n<p><strong>Elyes REGUEI LORENZI, une tr\u00e8s belle 4\u00e8me place<\/strong><\/p>\n\n\n\n<p>Avec 2809 points, Elyes d\u00e9croche une superbe 4\u00e8me place et signe un con\u00adcours tr\u00e8s solide. Il r\u00e9alise plusieurs records per\u00adson\u00adnels tout au long du week-end, preuve de sa pro\u00adgres\u00adsion con\u00adstante. Par\u00admi ses meilleures per\u00adfor\u00admances : 12\u2019\u201946 sur 100m,  17\u2019\u201967 sur 100m haies, 1m54 en hau\u00adteur, 2m40 \u00e0 la perche, 8m32 au poids, 21m16 au javelot, 17m11 au disque, 3\u201922\u2019\u201935 sur 1000m<\/p>\n\n\n\n<p>Une com\u00adp\u00e9ti\u00adtion tr\u00e8s com\u00adpl\u00e8te, avec de belles marges de pro\u00adgres\u00adsion encore. Sa r\u00e9gu\u00adlar\u00adit\u00e9 sur l\u2019ensemble des \u00e9preuves lui per\u00admet de se plac\u00ader par\u00admi les meilleurs.<\/p>\n\n\n<div class=\"wp-block-image\">\n<figure class=\"alignright size-large is-resized\"><a href=\"https:\/\/www.beaufort-athletisme.fr\/wp-content\/uploads\/2026\/04\/VDH8846-scaled.jpg\"><img loading=\"lazy\" decoding=\"async\" width=\"1024\" height=\"678\" src=\"https:\/\/www.beaufort-athletisme.fr\/wp-content\/uploads\/2026\/04\/VDH8846-1024x678.jpg\" alt class=\"wp-image-6826\" style=\"width:319px;height:auto\" srcset=\"https:\/\/www.beaufort-athletisme.fr\/wp-content\/uploads\/2026\/04\/VDH8846-1024x678.jpg 1024w, https:\/\/www.beaufort-athletisme.fr\/wp-content\/uploads\/2026\/04\/VDH8846-300x199.jpg 300w, https:\/\/www.beaufort-athletisme.fr\/wp-content\/uploads\/2026\/04\/VDH8846-768x509.jpg 768w, https:\/\/www.beaufort-athletisme.fr\/wp-content\/uploads\/2026\/04\/VDH8846-1536x1017.jpg 1536w, https:\/\/www.beaufort-athletisme.fr\/wp-content\/uploads\/2026\/04\/VDH8846-2048x1356.jpg 2048w, https:\/\/www.beaufort-athletisme.fr\/wp-content\/uploads\/2026\/04\/VDH8846-900x596.jpg 900w, https:\/\/www.beaufort-athletisme.fr\/wp-content\/uploads\/2026\/04\/VDH8846-1280x848.jpg 1280w\" sizes=\"auto, (max-width: 1024px) 100vw, 1024px\"><\/a><\/figure>\n<\/div>\n\n\n<p><strong>Gui\u00addo PIVERT, solide 5\u00e8me avec de belles per\u00adfor\u00admances<\/strong><\/p>\n\n\n\n<p>Gui\u00addo ter\u00admine juste der\u00adri\u00e8re avec une belle 5\u00e8me place et 2712 points. Lui aus\u00adsi signe plusieurs records per\u00adson\u00adnels et con\u00adfirme sa mon\u00adt\u00e9e en puis\u00adsance sur cette sai\u00adson. Ses prin\u00adci\u00adpaux r\u00e9sul\u00adtats : 16\u2019\u201953 sur 100m haies, 13\u2019\u201965 sur 100m, 1m48 en hau\u00adteur, 2m30 \u00e0 la perche, 7m38 au poids, 18m38 au javelot, 23m03 au disque, 3\u201915\u2019\u201999 sur 1000m<\/p>\n\n\n\n<p>Men\u00adtion sp\u00e9\u00adciale pour son 100m haies tr\u00e8s solide et son con\u00adcours de disque par\u00adti\u00adc\u00aduli\u00e8re\u00adment r\u00e9us\u00adsi. Une belle d\u00e9mon\u00adstra\u00adtion de com\u00adbat\u00adiv\u00adit\u00e9.<\/p>\n\n\n<div class=\"wp-block-image\">\n<figure class=\"alignleft size-large is-resized\"><a href=\"https:\/\/www.beaufort-athletisme.fr\/wp-content\/uploads\/2026\/04\/VDH8869-scaled.jpg\"><img loading=\"lazy\" decoding=\"async\" width=\"1024\" height=\"678\" src=\"https:\/\/www.beaufort-athletisme.fr\/wp-content\/uploads\/2026\/04\/VDH8869-1024x678.jpg\" alt class=\"wp-image-6827\" style=\"width:305px;height:auto\" srcset=\"https:\/\/www.beaufort-athletisme.fr\/wp-content\/uploads\/2026\/04\/VDH8869-1024x678.jpg 1024w, https:\/\/www.beaufort-athletisme.fr\/wp-content\/uploads\/2026\/04\/VDH8869-300x199.jpg 300w, https:\/\/www.beaufort-athletisme.fr\/wp-content\/uploads\/2026\/04\/VDH8869-768x509.jpg 768w, https:\/\/www.beaufort-athletisme.fr\/wp-content\/uploads\/2026\/04\/VDH8869-1536x1017.jpg 1536w, https:\/\/www.beaufort-athletisme.fr\/wp-content\/uploads\/2026\/04\/VDH8869-2048x1356.jpg 2048w, https:\/\/www.beaufort-athletisme.fr\/wp-content\/uploads\/2026\/04\/VDH8869-900x596.jpg 900w, https:\/\/www.beaufort-athletisme.fr\/wp-content\/uploads\/2026\/04\/VDH8869-1280x848.jpg 1280w\" sizes=\"auto, (max-width: 1024px) 100vw, 1024px\"><\/a><\/figure>\n<\/div>\n\n\n<p><strong>Bap\u00adtiste AUDION com\u00adpl\u00e8te ce beau trio<\/strong><\/p>\n\n\n\n<p>Bap\u00adtiste prend la 7\u00e8me place avec 2052 points et lui aus\u00adsi repart avec plusieurs records per\u00adson\u00adnels. Son engage\u00adment sur l\u2019ensemble des dis\u00adci\u00adplines m\u00e9rite d\u2019\u00eatre soulign\u00e9. Ses per\u00adfor\u00admances : 13\u2019\u201961 sur 100m, 20\u2019\u201954 sur 100m haies, 1m33 en hau\u00adteur, 1m90 \u00e0 la perche, 8m05 au poids, 18m90 au javelot, 18m36 au disque, 3\u201934\u2019\u201991 sur 1000m<\/p>\n\n\n\n<p>Les pro\u00adgr\u00e8s sont vis\u00adi\u00adbles et la moti\u00adva\u00adtion est bien pr\u00e9sente. De tr\u00e8s bonnes bases pour la suite de la sai\u00adson.<\/p>\n\n\n\n<p><strong>De tr\u00e8s belles per\u00adfor\u00admances aux D\u00e9parte\u00admen\u00adtaux de Seg\u00adr\u00e9<\/strong><\/p>\n\n\n\n<p>Pen\u00addant ce temps, les autres ath\u00adl\u00e8tes \u00e9taient engag\u00e9s sur les Cham\u00adpi\u00adonnats D\u00e9parte\u00admen\u00adtaux \u00e0 Seg\u00adr\u00e9, avec l\u00e0 aus\u00adsi de tr\u00e8s beaux r\u00e9sul\u00adtats et plusieurs podi\u00adums.<\/p>\n\n\n\n<p><strong>Ambre JOUAND-PUCELLE imp\u00e9ri\u00adale dans les lancers<\/strong><\/p>\n\n\n\n<p>Ambre r\u00e9alise sans doute l\u2019un des plus gros week-ends du groupe avec deux mag\u00adnifiques vic\u00adtoires.<\/p>\n\n\n\n<p>Elle s\u2019impose :<br>\ud83e\udd47 au disque (1 kg) avec 45m25<br>\ud83e\udd47 au marteau (4 kg) avec 56m93<\/p>\n\n\n\n<p>Deux per\u00adfor\u00admances de haut niveau qui con\u00adfir\u00adment toute sa r\u00e9gu\u00adlar\u00adit\u00e9 et son s\u00e9rieux dans le tra\u00advail. Une ath\u00adl\u00e8te en pleine con\u00adfi\u00adance.<\/p>\n\n\n\n<p><strong>Zo\u00e9 BOURIGAULT, la poly\u00adva\u00adlence r\u00e9com\u00adpen\u00ads\u00e9e<\/strong><\/p>\n\n\n\n<p>Zo\u00e9 r\u00e9alise un week-end tr\u00e8s com\u00adplet avec des per\u00adfor\u00admances dans plusieurs dis\u00adci\u00adplines, 4\u00e8me du 100m en 15\u2019\u201913 mal\u00adgr\u00e9 un fort vent n\u00e9gatif, 400m en 73\u2019\u201979, longueur avec 3m88.<\/p>\n\n\n\n<p>Une belle d\u00e9mon\u00adstra\u00adtion de poly\u00adva\u00adlence, avec de la vitesse, de l\u2019endurance et de la tech\u00adnique. Tr\u00e8s encour\u00adageant pour la suite.<\/p>\n\n\n\n<p><strong>Julia SUBILEAU sur le podi\u00adum du 1500m<\/strong><\/p>\n\n\n\n<p>Julia r\u00e9alise une belle course sur 1500m en 5\u201949\u2019\u201914.<\/p>\n\n\n\n<p>Une course bien g\u00e9r\u00e9e qui vient r\u00e9com\u00adpenser son investisse\u00adment. Le tra\u00advail sur le demi-fond con\u00adtin\u00adue de porter ses fruits.<\/p>\n\n\n\n<p><strong>Jules THEGNER per\u00adfor\u00admant sur deux dis\u00adci\u00adplines<\/strong><\/p>\n\n\n\n<p>Chez les gar\u00e7ons, Jules signe lui aus\u00adsi un tr\u00e8s bon week-end avec deux belles per\u00adfor\u00admances :\ud83e\udd49 3\u00e8me au marteau (5 kg) avec 36m92, 400m en 58\u2019\u201909, en de\u00e7a de ses attentes<\/p>\n\n\n\n<p>\u00catre per\u00adfor\u00admant \u00e0 la fois sur un lancer et sur une \u00e9preuve de sprint long demande de belles qual\u00adit\u00e9s physiques : une belle preuve de sa poly\u00adva\u00adlence.<\/p>\n\n\n\n<p><strong>\u00c9l\u00e9onore BURGEVIN con\u00adtin\u00adue sa pro\u00adgres\u00adsion<\/strong><\/p>\n\n\n\n<p>\u00c9l\u00e9onore prend la 6\u00e8me place de sa s\u00e9rie sur 100m en 15\u2019\u201991 et r\u00e9alise \u00e9gale\u00adment 26m97 au marteau (3 kg). Deux dis\u00adci\u00adplines bien dif\u00adf\u00e9rentes qui mon\u00adtrent son engage\u00adment sur plusieurs fronts. Une belle dynamique \u00e0 pour\u00adsuiv\u00adre.<\/p>\n\n\n\n<p><strong>Un col\u00adlec\u00adtif en pro\u00adgres\u00adsion<\/strong><\/p>\n\n\n\n<p>Ce week-end illus\u00adtre par\u00adfaite\u00adment le bon \u00e9tat d\u2019esprit du groupe : de l\u2019engagement, de la r\u00e9gu\u00adlar\u00adit\u00e9, des records per\u00adson\u00adnels et surtout beau\u00adcoup d\u2019envie.<\/p>\n\n\n\n<p>Les jeunes pro\u00adgressent, les con\u00adfir\u00adma\u00adtions arrivent et les per\u00adfor\u00admances suiv\u00adent. C\u2019est le r\u00e9sul\u00adtat du tra\u00advail fourni \u00e0 l\u2019entra\u00eenement depuis plusieurs semaines.<\/p>\n\n\n\n<p>Un grand bra\u00advo \u00e0 tous les ath\u00adl\u00e8tes ain\u00adsi qu\u2019aux entra\u00eeneurs pour l\u2019accompagnement et l\u2019investissement tout au long de la sai\u00adson.<\/p>\n\n\n\n<p>La suite s\u2019annonce promet\u00adteuse \ud83d\udcaa<\/p>\n","protected":false},"excerpt":{"rendered":"<p>Le week-end a une nou\u00advelle fois \u00e9t\u00e9 riche en per\u00adfor\u00admances pour nos ath\u00adl\u00e8tes, engag\u00e9s \u00e0 la fois sur les \u00c9preuves Com\u00adbin\u00e9es Min\u00adimes \u00e0 Bayeux et sur les Cham\u00adpi\u00adonnats D\u00e9parte\u00admen\u00adtaux \u00e0 Seg\u00adr\u00e9. Entre records per\u00adson\u00adnels, podi\u00adums et belles con\u00adfir\u00adma\u00adtions, cha\u00adcun a su d\u00e9fendre fi\u00e8re\u00adment les couleurs du club. Les min\u00adimes en forme sur les \u00c9preuves Com\u00adbin\u00e9es [\u2026]<\/p>\n","protected":false},"author":1,"featured_media":0,"comment_status":"closed","ping_status":"closed","sticky":false,"template":"","format":"standard","meta":{"wp_typography_post_enhancements_disabled":false,"footnotes":""},"categories":[11],"tags":[],"class_list":["post-6823","post","type-post","status-publish","format-standard","hentry","category-actualite"],"featured_image_src":null,"author_info":{"display_name":"admin","author_link":"https:\/\/www.beaufort-athletisme.fr\/?author=1"},"_links":{"self":[{"href":"https:\/\/www.beaufort-athletisme.fr\/index.php?rest_route=\/wp\/v2\/posts\/6823","targetHints":{"allow":["GET"]}}],"collection":[{"href":"https:\/\/www.beaufort-athletisme.fr\/index.php?rest_route=\/wp\/v2\/posts"}],"about":[{"href":"https:\/\/www.beaufort-athletisme.fr\/index.php?rest_route=\/wp\/v2\/types\/post"}],"author":[{"embeddable":true,"href":"https:\/\/www.beaufort-athletisme.fr\/index.php?rest_route=\/wp\/v2\/users\/1"}],"replies":[{"embeddable":true,"href":"https:\/\/www.beaufort-athletisme.fr\/index.php?rest_route=%2Fwp%2Fv2%2Fcomments&post=6823"}],"version-history":[{"count":1,"href":"https:\/\/www.beaufort-athletisme.fr\/index.php?rest_route=\/wp\/v2\/posts\/6823\/revisions"}],"predecessor-version":[{"id":6828,"href":"https:\/\/www.beaufort-athletisme.fr\/index.php?rest_route=\/wp\/v2\/posts\/6823\/revisions\/6828"}],"wp:attachment":[{"href":"https:\/\/www.beaufort-athletisme.fr\/index.php?rest_route=%2Fwp%2Fv2%2Fmedia&parent=6823"}],"wp:term":[{"taxonomy":"category","embeddable":true,"href":"https:\/\/www.beaufort-athletisme.fr\/index.php?rest_route=%2Fwp%2Fv2%2Fcategories&post=6823"},{"taxonomy":"post_tag","embeddable":true,"href":"https:\/\/www.beaufort-athletisme.fr\/index.php?rest_route=%2Fwp%2Fv2%2Ftags&post=6823"}],"curies":[{"name":"wp","href":"https:\/\/api.w.org\/{rel}","templated":true}]}}